{"id":4149,"date":"2026-01-05T03:44:14","date_gmt":"2026-01-05T03:44:14","guid":{"rendered":"https:\/\/www.europesays.com\/africa\/4149\/"},"modified":"2026-01-05T03:44:14","modified_gmt":"2026-01-05T03:44:14","slug":"senegal-la-communaute-layene-celebre-le-146e-anniversaire-de-lappel-de-seydina-limamou-lahi-les-19-et-20-janvier","status":"publish","type":"post","link":"https:\/\/www.europesays.com\/africa\/4149\/","title":{"rendered":"S\u00e9n\u00e9gal: La communaut\u00e9 lay\u00e8ne c\u00e9l\u00e8bre le 146e anniversaire de l&#8217;Appel de Seydina Limamou Lahi les 19 et 20 janvier"},"content":{"rendered":"<p class=\"story-body-text\" data-para-word-count=\"35\">La communaut\u00e9 Lay\u00e8ne c\u00e9l\u00e8bre le 146e anniversaire de l&#8217;Appel de Seydina Limamou Lahi. Les festivit\u00e9s se d\u00e9rouleront les lundi 19 et mardi 20 janvier, sous la direction spirituelle du Khalife g\u00e9n\u00e9ral, Seydina Mouhamadou Lamine Lahi.<\/p>\n<p class=\"story-body-text\" data-para-word-count=\"49\">Les c\u00e9r\u00e9monies d\u00e9buteront \u00e0 Camb\u00e9r\u00e8ne, devant le mausol\u00e9e de Seydina Issa Rouhoulahi, avant de se poursuivre \u00e0 la grotte des Almadies \u00e0 Ngor en fin de journ\u00e9e du lundi 19 janvier. Le lendemain, \u00e0 Yoff Lay\u00e8ne, les fid\u00e8les participeront au Yoor Yoor, suivi d&#8217;une grande c\u00e9r\u00e9monie officielle dans l&#8217;apr\u00e8s-midi.<\/p>\n<p class=\"story-body-text\" data-para-word-count=\"59\">Selon les organisateurs, ces comm\u00e9morations sont autant des moments de ferveur religieuse que des occasions de promouvoir la solidarit\u00e9, la paix et le civisme au sein de la communaut\u00e9. Cette ann\u00e9e, le th\u00e8me retenu est \u00ab La solidarit\u00e9 islamique face aux d\u00e9fis contemporains \u00bb, qui sera abord\u00e9 \u00e0 travers des pri\u00e8res, des discours et des \u00e9changes avec les fid\u00e8les.<\/p>\n","protected":false},"excerpt":{"rendered":"La communaut\u00e9 Lay\u00e8ne c\u00e9l\u00e8bre le 146e anniversaire de l&#8217;Appel de Seydina Limamou Lahi. Les festivit\u00e9s se d\u00e9rouleront les&hellip;\n","protected":false},"author":2,"featured_media":198,"comment_status":"","ping_status":"","sticky":false,"template":"","format":"standard","meta":{"footnotes":""},"categories":[48],"tags":[63,83,265,262,96,261,2042,159,264,263,266,325],"class_list":{"0":"post-4149","1":"post","2":"type-post","3":"status-publish","4":"format-standard","5":"has-post-thumbnail","7":"category-senegal","8":"tag-africa","9":"tag-business","10":"tag-current-events","11":"tag-economy","12":"tag-news","13":"tag-politics","14":"tag-religion","15":"tag-senegal","16":"tag-sports","17":"tag-trade","18":"tag-travel","19":"tag-west-africa"},"share_on_mastodon":{"url":"","error":""},"_links":{"self":[{"href":"https:\/\/www.europesays.com\/africa\/wp-json\/wp\/v2\/posts\/4149","targetHints":{"allow":["GET"]}}],"collection":[{"href":"https:\/\/www.europesays.com\/africa\/wp-json\/wp\/v2\/posts"}],"about":[{"href":"https:\/\/www.europesays.com\/africa\/wp-json\/wp\/v2\/types\/post"}],"author":[{"embeddable":true,"href":"https:\/\/www.europesays.com\/africa\/wp-json\/wp\/v2\/users\/2"}],"replies":[{"embeddable":true,"href":"https:\/\/www.europesays.com\/africa\/wp-json\/wp\/v2\/comments?post=4149"}],"version-history":[{"count":0,"href":"https:\/\/www.europesays.com\/africa\/wp-json\/wp\/v2\/posts\/4149\/revisions"}],"wp:featuredmedia":[{"embeddable":true,"href":"https:\/\/www.europesays.com\/africa\/wp-json\/wp\/v2\/media\/198"}],"wp:attachment":[{"href":"https:\/\/www.europesays.com\/africa\/wp-json\/wp\/v2\/media?parent=4149"}],"wp:term":[{"taxonomy":"category","embeddable":true,"href":"https:\/\/www.europesays.com\/africa\/wp-json\/wp\/v2\/categories?post=4149"},{"taxonomy":"post_tag","embeddable":true,"href":"https:\/\/www.europesays.com\/africa\/wp-json\/wp\/v2\/tags?post=4149"}],"curies":[{"name":"wp","href":"https:\/\/api.w.org\/{rel}","templated":true}]}}