{"id":4177,"date":"2026-01-05T04:12:16","date_gmt":"2026-01-05T04:12:16","guid":{"rendered":"https:\/\/www.europesays.com\/africa\/4177\/"},"modified":"2026-01-05T04:12:16","modified_gmt":"2026-01-05T04:12:16","slug":"le-bilan-de-laccident-passe-a-5-morts","status":"publish","type":"post","link":"https:\/\/www.europesays.com\/africa\/4177\/","title":{"rendered":"Le bilan de l\u2019accident passe \u00e0 5 morts"},"content":{"rendered":"<p>L\u2019accident survenu ce vendredi aux environs de 22 heures \u00e0 hauteur de Parasel dans la commune de Mbadakhoune a fait une nouvelle victime. Malheureusement, l\u2019un des bless\u00e9s a succomb\u00e9 \u00e0 ses blessures, portant ainsi le bilan provisoire \u00e0 5 morts.<\/p>\n<p>\u00a0<\/p>\n<p>Rappelons que la collision entre un minibus &#8221;Cheikhou Ch\u00e9rif&#8221; et un tricycle Tiak Tiak avait fait sur le coup 4 morts et 6 bless\u00e9s. Tr\u00e8s en col\u00e8re, les habitants de Parasel et des villages environnants avaient \u00e9galement barr\u00e9 la route nationale et br\u00fbl\u00e9 des pneus pour exiger la mise en place de ralentisseurs pour r\u00e9duire les nombreux cas d&#8217;accidents de la circulation not\u00e9s sur cet axe routier.<\/p>\n","protected":false},"excerpt":{"rendered":"L\u2019accident survenu ce vendredi aux environs de 22 heures \u00e0 hauteur de Parasel dans la commune de Mbadakhoune&hellip;\n","protected":false},"author":2,"featured_media":4178,"comment_status":"","ping_status":"","sticky":false,"template":"","format":"standard","meta":{"footnotes":""},"categories":[48],"tags":[64,274,279,273,277,278,271,281,283,272,280,276,275,159,282],"class_list":{"0":"post-4177","1":"post","2":"type-post","3":"status-publish","4":"format-standard","5":"has-post-thumbnail","7":"category-senegal","8":"tag-afrique","9":"tag-aliou-cisse","10":"tag-amadou-ba","11":"tag-apr","12":"tag-bassirou-diomaye-faye","13":"tag-bathelemy-dias","14":"tag-dakar","15":"tag-el-malick-ndiaye","16":"tag-guy-marius-sagna","17":"tag-macky-sall","18":"tag-madiambal-diagne","19":"tag-ousmane-sonko","20":"tag-pastef","21":"tag-senegal","22":"tag-ziguinchor"},"share_on_mastodon":{"url":"","error":""},"_links":{"self":[{"href":"https:\/\/www.europesays.com\/africa\/wp-json\/wp\/v2\/posts\/4177","targetHints":{"allow":["GET"]}}],"collection":[{"href":"https:\/\/www.europesays.com\/africa\/wp-json\/wp\/v2\/posts"}],"about":[{"href":"https:\/\/www.europesays.com\/africa\/wp-json\/wp\/v2\/types\/post"}],"author":[{"embeddable":true,"href":"https:\/\/www.europesays.com\/africa\/wp-json\/wp\/v2\/users\/2"}],"replies":[{"embeddable":true,"href":"https:\/\/www.europesays.com\/africa\/wp-json\/wp\/v2\/comments?post=4177"}],"version-history":[{"count":0,"href":"https:\/\/www.europesays.com\/africa\/wp-json\/wp\/v2\/posts\/4177\/revisions"}],"wp:featuredmedia":[{"embeddable":true,"href":"https:\/\/www.europesays.com\/africa\/wp-json\/wp\/v2\/media\/4178"}],"wp:attachment":[{"href":"https:\/\/www.europesays.com\/africa\/wp-json\/wp\/v2\/media?parent=4177"}],"wp:term":[{"taxonomy":"category","embeddable":true,"href":"https:\/\/www.europesays.com\/africa\/wp-json\/wp\/v2\/categories?post=4177"},{"taxonomy":"post_tag","embeddable":true,"href":"https:\/\/www.europesays.com\/africa\/wp-json\/wp\/v2\/tags?post=4177"}],"curies":[{"name":"wp","href":"https:\/\/api.w.org\/{rel}","templated":true}]}}