{"id":4206,"date":"2026-01-05T04:40:17","date_gmt":"2026-01-05T04:40:17","guid":{"rendered":"https:\/\/www.europesays.com\/africa\/4206\/"},"modified":"2026-01-05T04:40:17","modified_gmt":"2026-01-05T04:40:17","slug":"senegal-autoroute-a-peage-dakar-saint-louis-les-impactes-de-gandon-rassures-apres-leur-rencontre-avec-le-gouverneur","status":"publish","type":"post","link":"https:\/\/www.europesays.com\/africa\/4206\/","title":{"rendered":"S\u00e9n\u00e9gal: Autoroute \u00e0 p\u00e9age Dakar-Saint-Louis &#8211; Les impact\u00e9s de Gandon rassur\u00e9s apr\u00e8s leur rencontre avec le gouverneur"},"content":{"rendered":"<p class=\"story-body-text\" data-para-word-count=\"45\">Le collectif des personnes impact\u00e9es par l&#8217;autoroute \u00e0 p\u00e9age Dakar-Tivaouane-Saint-Louis, tron\u00e7on Gandon, s&#8217;est dit rassur\u00e9 \u00e0 l&#8217;issue d&#8217;une audience avec le gouverneur de la r\u00e9gion de Saint-Louis. Tout en saluant les engagements r\u00e9affirm\u00e9s par l&#8217;\u00c9tat, les impact\u00e9s appellent au d\u00e9marrage rapide des travaux de recasement.<\/p>\n<p class=\"story-body-text\" data-para-word-count=\"62\">Re\u00e7us par le gouverneur de la r\u00e9gion de Saint-Louis, les membres du collectif des impact\u00e9s de l&#8217;autoroute \u00e0 p\u00e9age Dakar-Tivaouane-Saint-Louis de Gandon sont ressortis confiants. \u00ab Nous sommes sortis du bureau du gouverneur tr\u00e8s rassur\u00e9s \u00bb, a d\u00e9clar\u00e9 leur coordonnateur, Ousmane Ndiaye, rappelant que les engagements pris par l&#8217;\u00c9tat du S\u00e9n\u00e9gal depuis la signature d&#8217;un proc\u00e8s-verbal en mars 2023 ont \u00e9t\u00e9 confirm\u00e9s.<\/p>\n<p class=\"story-body-text\" data-para-word-count=\"49\">Parmi les acquis majeurs figure l&#8217;attribution d&#8217;un site de recasement pour les 1 300 membres du collectif. \u00ab Nous avons obtenu un site bas\u00e9 \u00e0 Gandon, \u00e0 environ quinze minutes de Saint-Louis \u00bb, a-t-il pr\u00e9cis\u00e9. Le site devrait \u00eatre viabilis\u00e9 par l&#8217;entreprise Ageroute et dot\u00e9 d&#8217;infrastructures sociales de base.<\/p>\n<p class=\"story-body-text\" data-para-word-count=\"34\">Cependant, l&#8217;urgence reste le d\u00e9marrage effectif des travaux. \u00ab Beaucoup de personnes vivent encore en location et sont tr\u00e8s fatigu\u00e9es. Il est essentiel que les travaux de terrassement commencent rapidement \u00bb, insiste Ousmane Ndiaye.<\/p>\n<p class=\"story-body-text\" style=\"text-align: center;\">\n<p>Restez inform\u00e9 des derniers gros titres sur <a href=\"https:\/\/whatsapp.com\/channel\/0029Vae09IP4inotqC0BUQ2V\" target=\"_blank\" rel=\"nofollow noopener\">WhatsApp<\/a> | <a href=\"https:\/\/www.linkedin.com\/company\/allafrica\/\" target=\"_blank\" rel=\"nofollow noopener\">LinkedIn<\/a><\/p>\n<p class=\"story-body-text\" data-para-word-count=\"46\">Le collectif a \u00e9galement plaid\u00e9 pour une r\u00e9partition juste et \u00e9quitable des parcelles, en poursuivant le travail avec la commission de recensement mise en place par le pr\u00e9fet. \u00ab Certains ont perdu plusieurs terrains, d&#8217;autres disposaient de grandes parcelles. Cela n\u00e9cessite un dialogue sinc\u00e8re \u00bb, souligne-t-il.<\/p>\n<p class=\"story-body-text\" data-para-word-count=\"21\">Enfin, les impact\u00e9s demandent un accompagnement social pour les familles vuln\u00e9rables et le respect des engagements en mati\u00e8re de main-d&#8217;oeuvre locale.<\/p>\n<p class=\"story-body-text\" data-para-word-count=\"38\">\u00ab Les villages travers\u00e9s par l&#8217;autoroute comptent de nombreux jeunes qualifi\u00e9s qui peuvent contribuer aux travaux \u00bb, a conclu le coordonnateur, tout en r\u00e9affirmant la disponibilit\u00e9 du collectif \u00e0 accompagner l&#8217;\u00c9tat dans la mise en oeuvre des engagements.<\/p>\n","protected":false},"excerpt":{"rendered":"Le collectif des personnes impact\u00e9es par l&#8217;autoroute \u00e0 p\u00e9age Dakar-Tivaouane-Saint-Louis, tron\u00e7on Gandon, s&#8217;est dit rassur\u00e9 \u00e0 l&#8217;issue d&#8217;une&hellip;\n","protected":false},"author":2,"featured_media":198,"comment_status":"","ping_status":"","sticky":false,"template":"","format":"standard","meta":{"footnotes":""},"categories":[48],"tags":[63,83,269,265,262,96,261,159,264,263,1071,266,325],"class_list":{"0":"post-4206","1":"post","2":"type-post","3":"status-publish","4":"format-standard","5":"has-post-thumbnail","7":"category-senegal","8":"tag-africa","9":"tag-business","10":"tag-business-and-finance","11":"tag-current-events","12":"tag-economy","13":"tag-news","14":"tag-politics","15":"tag-senegal","16":"tag-sports","17":"tag-trade","18":"tag-transport-and-shipping","19":"tag-travel","20":"tag-west-africa"},"share_on_mastodon":{"url":"","error":""},"_links":{"self":[{"href":"https:\/\/www.europesays.com\/africa\/wp-json\/wp\/v2\/posts\/4206","targetHints":{"allow":["GET"]}}],"collection":[{"href":"https:\/\/www.europesays.com\/africa\/wp-json\/wp\/v2\/posts"}],"about":[{"href":"https:\/\/www.europesays.com\/africa\/wp-json\/wp\/v2\/types\/post"}],"author":[{"embeddable":true,"href":"https:\/\/www.europesays.com\/africa\/wp-json\/wp\/v2\/users\/2"}],"replies":[{"embeddable":true,"href":"https:\/\/www.europesays.com\/africa\/wp-json\/wp\/v2\/comments?post=4206"}],"version-history":[{"count":0,"href":"https:\/\/www.europesays.com\/africa\/wp-json\/wp\/v2\/posts\/4206\/revisions"}],"wp:featuredmedia":[{"embeddable":true,"href":"https:\/\/www.europesays.com\/africa\/wp-json\/wp\/v2\/media\/198"}],"wp:attachment":[{"href":"https:\/\/www.europesays.com\/africa\/wp-json\/wp\/v2\/media?parent=4206"}],"wp:term":[{"taxonomy":"category","embeddable":true,"href":"https:\/\/www.europesays.com\/africa\/wp-json\/wp\/v2\/categories?post=4206"},{"taxonomy":"post_tag","embeddable":true,"href":"https:\/\/www.europesays.com\/africa\/wp-json\/wp\/v2\/tags?post=4206"}],"curies":[{"name":"wp","href":"https:\/\/api.w.org\/{rel}","templated":true}]}}