{"id":4207,"date":"2026-01-05T04:41:08","date_gmt":"2026-01-05T04:41:08","guid":{"rendered":"https:\/\/www.europesays.com\/africa\/4207\/"},"modified":"2026-01-05T04:41:08","modified_gmt":"2026-01-05T04:41:08","slug":"mettons-a-profit-la-clemence-du-ciel","status":"publish","type":"post","link":"https:\/\/www.europesays.com\/africa\/4207\/","title":{"rendered":"Mettons \u00e0 profit la cl\u00e9mence du ciel"},"content":{"rendered":"<p>\t\t <br class=\"texte clear\" \/><\/p>\n<p>\t\t <br class=\"texte clear\" \/><\/p>\n<p>R\u00e9dig\u00e9 par Souhail AMRABI le Dimanche 4 Janvier 2026<\/p>\n<p>\t\t\t\t Cela fait un mois que le ciel se montre g\u00e9n\u00e9reux, apr\u00e8s sept ann\u00e9es de s\u00e9cheresse s\u00e9v\u00e8re, qui avaient peu \u00e0 peu \u00e9rod\u00e9 l\u2019espoir d\u2019un retour \u00e0 une normalit\u00e9 climatique &#8211; et surtout agricole &#8211; dans le c\u0153ur des Marocains. Ces pr\u00e9cipitations ont non seulement revitalis\u00e9 les barrages du Royaume, dont le taux global de remplissage fr\u00f4le d\u00e9sormais les 40 %, soit plus de 6,5 milliards de m\u00e8tres cubes, mais ont aussi raviv\u00e9 un sou e d\u2019optimisme dans un pays profond\u00e9ment agraire, o\u00f9 la croissance demeure \u00e9troitement li\u00e9e aux performances du secteur agricole.&#13;\t\t\t\t \n\t\t <\/p>\n<p>\t\t <br class=\"texte clear\" \/><\/p>\n<p>\t\t <br id=\"sep_para_1\" class=\"sep_para access\" \/><\/p>\n<p>\t\t\t\t <img decoding=\"async\" class=\"responsive\" style=\"display:none\" src=\"https:\/\/www.europesays.com\/africa\/wp-content\/uploads\/2026\/01\/93528919-65348983.jpg\" alt=\"Mettons \u00e0 profit la cl\u00e9mence du ciel\" title=\"Mettons \u00e0 profit la cl\u00e9mence du ciel\" \/><br \/>\n<img decoding=\"async\" class=\"not-responsive\" src=\"https:\/\/www.europesays.com\/africa\/wp-content\/uploads\/2026\/01\/1767588068_546_93528919-65348983.jpg\" alt=\"Mettons \u00e0 profit la cl\u00e9mence du ciel\" title=\"Mettons \u00e0 profit la cl\u00e9mence du ciel\" width=\"688\" \/><\/p>\n<p>\t\t\t\t\t Mais aussi bienvenues et salvatrices soient-elles, les pluies et chutes de neige enregistr\u00e9es ces derni\u00e8res semaines dans plusieurs r\u00e9gions du pays, sur fond de ph\u00e9nom\u00e8nes climatiques tels que la \u00abtemp\u00eate Francis\u00bb, ne doivent toutefois pas occulter la r\u00e9alit\u00e9 d\u2019une crise hydrique structurelle profonde, \u00e0 laquelle le Maroc reste durablement confront\u00e9. La cl\u00e9mence du ciel, aussi appr\u00e9ciable soit-elle, ne saurait nous dispenser d\u2019une vigilance permanente. Car ne serait ce que l\u2019an dernier, experts et responsables publics rappelaient qu\u2019environ un million et demi de m\u00e8tres cubes d\u2019eau s\u2019\u00e9vaporent chaque jour au Maroc, sous l\u2019effet d\u2019un r\u00e9chauffement climatique plus marqu\u00e9 chez nous qu\u2019ailleurs. La temp\u00e9rature moyenne a augment\u00e9 d\u2019environ deux degr\u00e9s au cours des derni\u00e8res ann\u00e9es, les pr\u00e9cipitations ont diminu\u00e9 de 20% sur les soixante derni\u00e8res ann\u00e9es, tandis que les apports en eau de surface ont chut\u00e9 de 33 %. <\/p>\n<p>D\u00e8s lors, si les r\u00e9centes pr\u00e9cipitations ont permis \u00e0 nos barrages de sortir de la zone rouge, le soulagement et l\u2019optimisme doivent rester mesur\u00e9s et ne doivent en aucun cas ouvrir la voie \u00e0 l\u2019insouciance ni au gaspillage. La pluie, aussi abondante soit-elle, ne justifie pas le retour de pratiques \u00ab hydrivores \u00bb que l\u2019on voit d\u2019ores et d\u00e9j\u00e0 r\u00e9appara\u00eetre, \u00e0 l\u2019instar de l\u2019arrosage excessif des espaces verts \u00e0 l\u2019eau potable, les longues douches chaudes ou le lavage de voitures sans retenue. La conscience collective, la prudence et la discipline doivent donc continuer \u00e0 guider nos habitudes de consommation de cette ressource vitale, devenue \u00e0 la fois pr\u00e9cieuse et rare. Et n\u2019oublions jamais que si une hirondelle ne fait pas le printemps, une ond\u00e9e ou deux ne font pas non plus l\u2019abondance hydrique.<\/p>\n<p>\t\t <br class=\"texte clear\" \/><\/p>\n<p>\t\t <\/p>\n","protected":false},"excerpt":{"rendered":"R\u00e9dig\u00e9 par Souhail AMRABI le Dimanche 4 Janvier 2026 Cela fait un mois que le ciel se montre&hellip;\n","protected":false},"author":2,"featured_media":4208,"comment_status":"","ping_status":"","sticky":false,"template":"","format":"standard","meta":{"footnotes":""},"categories":[41],"tags":[554,553,555,556,563,565,560,567,561,557,162,566,564,558,559,158,562,248,239,310,568],"class_list":{"0":"post-4207","1":"post","2":"type-post","3":"status-publish","4":"format-standard","5":"has-post-thumbnail","7":"category-maroc","8":"tag-actualites","9":"tag-actualites-et-infos-au-maroc","10":"tag-actualites-et-infos-mondiale","11":"tag-actualites-marocaines-du-jour","12":"tag-alimentation","13":"tag-analyses","14":"tag-art-de-vivre","15":"tag-chronique","16":"tag-consommation-et-bien-etre","17":"tag-culture","18":"tag-economie","19":"tag-edito","20":"tag-etudes","21":"tag-insolite","22":"tag-loisirs","23":"tag-maroc","24":"tag-mode","25":"tag-politique","26":"tag-societe","27":"tag-sport","28":"tag-tribune"},"share_on_mastodon":{"url":"","error":""},"_links":{"self":[{"href":"https:\/\/www.europesays.com\/africa\/wp-json\/wp\/v2\/posts\/4207","targetHints":{"allow":["GET"]}}],"collection":[{"href":"https:\/\/www.europesays.com\/africa\/wp-json\/wp\/v2\/posts"}],"about":[{"href":"https:\/\/www.europesays.com\/africa\/wp-json\/wp\/v2\/types\/post"}],"author":[{"embeddable":true,"href":"https:\/\/www.europesays.com\/africa\/wp-json\/wp\/v2\/users\/2"}],"replies":[{"embeddable":true,"href":"https:\/\/www.europesays.com\/africa\/wp-json\/wp\/v2\/comments?post=4207"}],"version-history":[{"count":0,"href":"https:\/\/www.europesays.com\/africa\/wp-json\/wp\/v2\/posts\/4207\/revisions"}],"wp:featuredmedia":[{"embeddable":true,"href":"https:\/\/www.europesays.com\/africa\/wp-json\/wp\/v2\/media\/4208"}],"wp:attachment":[{"href":"https:\/\/www.europesays.com\/africa\/wp-json\/wp\/v2\/media?parent=4207"}],"wp:term":[{"taxonomy":"category","embeddable":true,"href":"https:\/\/www.europesays.com\/africa\/wp-json\/wp\/v2\/categories?post=4207"},{"taxonomy":"post_tag","embeddable":true,"href":"https:\/\/www.europesays.com\/africa\/wp-json\/wp\/v2\/tags?post=4207"}],"curies":[{"name":"wp","href":"https:\/\/api.w.org\/{rel}","templated":true}]}}