{"id":426,"date":"2026-01-03T13:55:06","date_gmt":"2026-01-03T13:55:06","guid":{"rendered":"https:\/\/www.europesays.com\/africa\/426\/"},"modified":"2026-01-03T13:55:06","modified_gmt":"2026-01-03T13:55:06","slug":"le-saes-decrete-une-greve-pour-une-duree-de","status":"publish","type":"post","link":"https:\/\/www.europesays.com\/africa\/426\/","title":{"rendered":"Le SAES d\u00e9cr\u00e8te une gr\u00e8ve pour une dur\u00e9e de&#8230;"},"content":{"rendered":"<p class=\"firstp\">La Coordination du Syndicat autonome de l\u2019Enseignement Sup\u00e9rieur (SAES) de l\u2019Universit\u00e9 Alioune Diop de Bambey (UADB) a annonc\u00e9 le d\u00e9clenchement d\u2019un mot d\u2019ordre de gr\u00e8ve \u00e0 compter de ce vendredi 2 janvier 2026, pour protester contre le retard dans le paiement des salaires du mois de d\u00e9cembre 2025.<\/p>\n<p data-start=\"449\" data-end=\"790\">Dans un communiqu\u00e9, le syndicat d\u00e9nonce une situation qu\u2019il qualifie de \u00ab particuli\u00e8rement \u00e9prouvante \u00bb pour les enseignants et le personnel administratif. Selon le <a href=\"https:\/\/www.senenews.com\/actualites\/crous-de-luniversite-alioune-diop-de-bambey-le-nouveau-dg-revele-une-dette-de-plus-de-4-milliards-fcfa_506961.html\" rel=\"nofollow noopener\" target=\"_blank\">SAES-UADB<\/a>, ce retard intervient dans un contexte sensible, marqu\u00e9 par les d\u00e9penses de fin d\u2019ann\u00e9e, accentuant ainsi les difficult\u00e9s sociales des travailleurs de l\u2019universit\u00e9.\n<\/p>\n<p data-start=\"792\" data-end=\"1180\">La coordination appelle l\u2019ensemble de ses militants \u00e0 respecter strictement ce mot d\u2019ordre de gr\u00e8ve, qui se poursuivra jusqu\u2019au versement effectif des r\u00e9mun\u00e9rations dues. Elle invite \u00e9galement les autorit\u00e9s universitaires et \u00e9tatiques \u00e0 prendre leurs responsabilit\u00e9s, avertissant que la r\u00e9p\u00e9tition de telles n\u00e9gligences pourrait perturber durablement le fonctionnement de l\u2019institution.<\/p>\n<p data-start=\"1182\" data-end=\"1384\">Cette gr\u00e8ve pourrait avoir un impact significatif sur les activit\u00e9s p\u00e9dagogiques et administratives de l\u2019Universit\u00e9 Alioune Diop de Bambey, en attendant une solution favorable \u00e0 cette crise salariale.<\/p>\n","protected":false},"excerpt":{"rendered":"La Coordination du Syndicat autonome de l\u2019Enseignement Sup\u00e9rieur (SAES) de l\u2019Universit\u00e9 Alioune Diop de Bambey (UADB) a annonc\u00e9&hellip;\n","protected":false},"author":2,"featured_media":427,"comment_status":"","ping_status":"","sticky":false,"template":"","format":"standard","meta":{"footnotes":""},"categories":[48],"tags":[613,159,163,239,614],"class_list":{"0":"post-426","1":"post","2":"type-post","3":"status-publish","4":"format-standard","5":"has-post-thumbnail","7":"category-senegal","8":"tag-saes","9":"tag-senegal","10":"tag-senegal-actualites","11":"tag-societe","12":"tag-universite-alioune-diop-de-bambey"},"share_on_mastodon":{"url":"","error":""},"_links":{"self":[{"href":"https:\/\/www.europesays.com\/africa\/wp-json\/wp\/v2\/posts\/426","targetHints":{"allow":["GET"]}}],"collection":[{"href":"https:\/\/www.europesays.com\/africa\/wp-json\/wp\/v2\/posts"}],"about":[{"href":"https:\/\/www.europesays.com\/africa\/wp-json\/wp\/v2\/types\/post"}],"author":[{"embeddable":true,"href":"https:\/\/www.europesays.com\/africa\/wp-json\/wp\/v2\/users\/2"}],"replies":[{"embeddable":true,"href":"https:\/\/www.europesays.com\/africa\/wp-json\/wp\/v2\/comments?post=426"}],"version-history":[{"count":0,"href":"https:\/\/www.europesays.com\/africa\/wp-json\/wp\/v2\/posts\/426\/revisions"}],"wp:featuredmedia":[{"embeddable":true,"href":"https:\/\/www.europesays.com\/africa\/wp-json\/wp\/v2\/media\/427"}],"wp:attachment":[{"href":"https:\/\/www.europesays.com\/africa\/wp-json\/wp\/v2\/media?parent=426"}],"wp:term":[{"taxonomy":"category","embeddable":true,"href":"https:\/\/www.europesays.com\/africa\/wp-json\/wp\/v2\/categories?post=426"},{"taxonomy":"post_tag","embeddable":true,"href":"https:\/\/www.europesays.com\/africa\/wp-json\/wp\/v2\/tags?post=426"}],"curies":[{"name":"wp","href":"https:\/\/api.w.org\/{rel}","templated":true}]}}