{"id":4264,"date":"2026-01-05T05:24:26","date_gmt":"2026-01-05T05:24:26","guid":{"rendered":"https:\/\/www.europesays.com\/africa\/4264\/"},"modified":"2026-01-05T05:24:26","modified_gmt":"2026-01-05T05:24:26","slug":"maroc-tanzanie-1-0-linarretable-brahim-diaz-sauve-les-lions-de-latlas-et-les-envoie-en-quarts-de-la-can-2025","status":"publish","type":"post","link":"https:\/\/www.europesays.com\/africa\/4264\/","title":{"rendered":"Maroc-Tanzanie (1-0)\u00a0: l\u2019inarr\u00eatable Brahim Diaz sauve les Lions de l\u2019Atlas et les envoie en quarts de la CAN 2025"},"content":{"rendered":"<p class=\"paragraph text_align_left lp-f-body-02\">On s\u2019attendait \u00e0 une promenade de sant\u00e9, \u00e0 une d\u00e9monstration de force des Lions de l\u2019Atlas. Cela n\u2019a pas du tout \u00e9t\u00e9 le cas. Ce dimanche, en huiti\u00e8me de finale de<a href=\"https:\/\/www.leparisien.fr\/sports\/football\/coupe-d-afrique-des-nations\/\" target=\"_blank\" rel=\"noreferrer nofollow noopener\"> sa Coupe d\u2019Afrique des nations<\/a>, le Maroc a \u00e9prouv\u00e9 toutes les peines du monde \u00e0 \u00e9liminer la Tanzanie (1-0). Malgr\u00e9 le retour d\u2019<a href=\"https:\/\/www.leparisien.fr\/sports\/football\/coupe-d-afrique-des-nations\/maroc-tanzanie-la-composition-officielle-des-lions-de-latlas-a-la-can-2025-avec-achraf-hakimi-titulaire-04-01-2026-JIHP4U3HL5G3FDKIJYDRAGIUJE.php\" target=\"_blank\" rel=\"noreferrer nofollow noopener\">Achraf Hakimi, titulaire pour la premi\u00e8re fois<\/a> depuis sa blessure \u00e0 la cheville, les hommes de <a href=\"https:\/\/www.leparisien.fr\/sports\/football\/coupe-d-afrique-des-nations\/le-maroc-a-les-armes-mais-devra-gerer-lenorme-pression-pour-regragui-la-can-2025-est-la-competition-dune-vie-21-12-2025-NETAR4DIOFGPLPIJXBJ4SDK7FI.php\" target=\"_blank\" rel=\"noreferrer nofollow noopener\">Walid Regragui <\/a>se sont cass\u00e9 les dents sur le bloc tanzanien, se procurant peu d\u2019occasions.<\/p>\n<p class=\"\">Des sueurs froides, ils en ont pourtant eu. D\u00e8s la 3e minute d\u2019ailleurs, avec l\u2019\u00e9norme occasion de Simon Msuva, pas assez attentif pour reprendre un centre mal n\u00e9goci\u00e9 par <a href=\"https:\/\/www.leparisien.fr\/sports\/football\/coupe-du-monde\/france-maroc-sur-les-traces-du-gardien-yassine-bounou-enfant-de-casablanca-et-heros-du-royaume-14-12-2022-7BZDJHQX2ZCHNOVBHQPZAEWBYA.php\" target=\"_blank\" rel=\"noreferrer nofollow noopener\">Yassine Bounou<\/a>. Ou \u00e0 la 59e minute, lorsque Feisul Salum a loup\u00e9 le cadre du but, pourtant totalement vide.<\/p>\n<p class=\"\">Malgr\u00e9 ces deux frayeurs, <a href=\"https:\/\/www.leparisien.fr\/sports\/football\/maroc\/\" target=\"_blank\" rel=\"noreferrer nofollow noopener\">les Lions de l\u2019Atlas<\/a> ont largement domin\u00e9 les d\u00e9bats. Plus solides collectivement, plus habiles techniquement, les Marocains ont mis une pression constante sur la d\u00e9fense tanzanienne, qui n\u2019a malgr\u00e9 tout pas conc\u00e9d\u00e9 le moindre tir cadr\u00e9 en premi\u00e8re p\u00e9riode. Ce fut plus d\u00e9licat en deuxi\u00e8me, avec d\u2019abord une frappe d\u2019Ismael Saibari (47e), puis une t\u00eate d\u2019Abde Ezzalzouli bien contr\u00e9e par le gardien Masalanga (50e).<\/p>\n<p>Brahim Diaz, encore lui<\/p>\n<p class=\"\">Au fil des minutes, la pression n\u2019a cess\u00e9 de s\u2019accentuer. D\u2019une frappe surpuissante sur coup franc, <a href=\"https:\/\/www.leparisien.fr\/sports\/football\/achraf-hakimi\/\" target=\"_blank\" rel=\"noreferrer nofollow noopener\">Achraf Hakimi<\/a> a fait trembler la barre transversale (60e), avant que le h\u00e9ros Brahim Diaz n\u2019ouvre finalement le score d\u2019une frappe improbable, d\u2019un angle particuli\u00e8rement ferm\u00e9. Auteur de son 4e but d\u00e9j\u00e0, <a href=\"https:\/\/www.leparisien.fr\/sports\/football\/coupe-d-afrique-des-nations\/can-2025-le-classement-des-buteurs-avant-les-8es-de-finale-avec-ayoub-el-kaabi-brahim-diaz-et-riyad-mahrez-en-tete-31-12-2025-QJPA3UT2AFE3TBMZZB2TJ2LTGQ.php\" target=\"_blank\" rel=\"noreferrer nofollow noopener\">l\u2019attaquant du Real Madrid<\/a>, servi par Hakimi, devient d\u00e9j\u00e0 le premier Marocain \u00e0 marquer autant de buts dans une m\u00eame Coupe d\u2019Afrique des nations. Et c\u2019est loin d\u2019\u00eatre fini.<\/p>\n<p class=\"\">Ivre de joie, l\u2019ancien joueur de Manchester City et de l\u2019AC Milan a eu une pens\u00e9e pour son co\u00e9quipier <a href=\"https:\/\/www.leparisien.fr\/sports\/football\/coupe-d-afrique-des-nations\/can-2025-azzedine-ounahi-en-bequilles-le-maroc-retient-son-souffle-04-01-2026-AKWCGKNS3RHN5I6E2SAPJQU5UI.php\" target=\"_blank\" rel=\"noreferrer nofollow noopener\">Azzedine Ounahi, apparu avec des b\u00e9quilles et une botte renforc\u00e9e au pied gauche<\/a> avant le match. L\u2019ancien milieu de terrain de l\u2019Olympique de Marseille pourrait d\u00e9j\u00e0 avoir mis un terme \u00e0 son tournoi.<\/p>\n<p class=\"\">Son pays continue, lui, l\u2019aventure. Malgr\u00e9 ce succ\u00e8s \u00e9triqu\u00e9 face aux modestes Tanzaniens, les Lions de l\u2019Atlas seront bel et bien au rendez-vous des quarts de finale. Leur prochain match aura lieu vendredi 9 janvier (20 heures) face \u00e0 l\u2019Afrique du Sud ou au Cameroun, qui s\u2019affrontent plus tard dans la soir\u00e9e.<\/p>\n","protected":false},"excerpt":{"rendered":"On s\u2019attendait \u00e0 une promenade de sant\u00e9, \u00e0 une d\u00e9monstration de force des Lions de l\u2019Atlas. Cela n\u2019a&hellip;\n","protected":false},"author":2,"featured_media":4265,"comment_status":"","ping_status":"","sticky":false,"template":"","format":"standard","meta":{"footnotes":""},"categories":[41],"tags":[360,311,158,264],"class_list":{"0":"post-4264","1":"post","2":"type-post","3":"status-publish","4":"format-standard","5":"has-post-thumbnail","7":"category-maroc","8":"tag-can","9":"tag-football","10":"tag-maroc","11":"tag-sports"},"share_on_mastodon":{"url":"","error":""},"_links":{"self":[{"href":"https:\/\/www.europesays.com\/africa\/wp-json\/wp\/v2\/posts\/4264","targetHints":{"allow":["GET"]}}],"collection":[{"href":"https:\/\/www.europesays.com\/africa\/wp-json\/wp\/v2\/posts"}],"about":[{"href":"https:\/\/www.europesays.com\/africa\/wp-json\/wp\/v2\/types\/post"}],"author":[{"embeddable":true,"href":"https:\/\/www.europesays.com\/africa\/wp-json\/wp\/v2\/users\/2"}],"replies":[{"embeddable":true,"href":"https:\/\/www.europesays.com\/africa\/wp-json\/wp\/v2\/comments?post=4264"}],"version-history":[{"count":0,"href":"https:\/\/www.europesays.com\/africa\/wp-json\/wp\/v2\/posts\/4264\/revisions"}],"wp:featuredmedia":[{"embeddable":true,"href":"https:\/\/www.europesays.com\/africa\/wp-json\/wp\/v2\/media\/4265"}],"wp:attachment":[{"href":"https:\/\/www.europesays.com\/africa\/wp-json\/wp\/v2\/media?parent=4264"}],"wp:term":[{"taxonomy":"category","embeddable":true,"href":"https:\/\/www.europesays.com\/africa\/wp-json\/wp\/v2\/categories?post=4264"},{"taxonomy":"post_tag","embeddable":true,"href":"https:\/\/www.europesays.com\/africa\/wp-json\/wp\/v2\/tags?post=4264"}],"curies":[{"name":"wp","href":"https:\/\/api.w.org\/{rel}","templated":true}]}}