{"id":4304,"date":"2026-01-05T05:51:39","date_gmt":"2026-01-05T05:51:39","guid":{"rendered":"https:\/\/www.europesays.com\/africa\/4304\/"},"modified":"2026-01-05T05:51:39","modified_gmt":"2026-01-05T05:51:39","slug":"senegal-soudan-les-lions-de-la-teranga-se-qualifient-en-quarts-de-finale-apres-un-match-serieux","status":"publish","type":"post","link":"https:\/\/www.europesays.com\/africa\/4304\/","title":{"rendered":"S\u00e9n\u00e9gal &#8211; Soudan : les Lions de la Teranga se qualifient en quarts de finale apr\u00e8s un match s\u00e9rieux"},"content":{"rendered":"<p>\n                                Les Crocodiles du Nil affrontent le S\u00e9n\u00e9gal samedi en huiti\u00e8mes de finale de la CAN 2025 au Grand Stade de Tanger pour une place pour les quarts. Une rencontre \u00e0 suivre en direct \u00e0 17 h gr\u00e2ce \u00e0 notre live comment\u00e9 minute par minute.            <\/p>\n<p>La phase de groupes est termin\u00e9e. Le <a href=\"https:\/\/www.france24.com\/fr\/tag\/s\u00e9n\u00e9gal\/\" target=\"_self\" class=\"gtm-add-suggested-tag\" rel=\"nofollow noopener\">S\u00e9n\u00e9gal<\/a> et le <a href=\"https:\/\/www.france24.com\/fr\/tag\/soudan\/\" target=\"_self\" class=\"gtm-add-suggested-tag\" rel=\"nofollow noopener\">Soudan<\/a> ouvrent le bal <a href=\"https:\/\/www.france24.com\/fr\/sports\/20251230-equipes-qualifiees-huitiemes-can-2025\" target=\"_self\" rel=\"nofollow noopener\">des huiti\u00e8mes de finale<\/a> de <a href=\"https:\/\/www.france24.com\/fr\/dossier\/can\/\" target=\"_self\" rel=\"nofollow noopener\">la CAN-2025<\/a>, samedi 3 janvier \u00e0 17 h (heure de Paris), dans le Grand Stade de <a href=\"https:\/\/www.france24.com\/fr\/tag\/tanger\/\" target=\"_self\" class=\"gtm-add-suggested-tag\" rel=\"nofollow noopener\">Tanger<\/a>. Un match o\u00f9\u00a0les Soudanais font figure de Petit Poucet face \u00e0 l&#8217;ogre s\u00e9n\u00e9galais.<\/p>\n<p>Une rencontre \u00e0 suivre en direct \u00e0 partir de 17 h (heure de Paris gr\u00e2ce \u00e0 notre live comment\u00e9 de nos confr\u00e8res de RFI.<\/p>\n<p> Les compositions officielles : <\/p>\n<p>S\u00e9n\u00e9gal : Mendy &#8211; Diatta, Seck, Niakhat\u00e9, Jakobs &#8211; Pape Gueye, Gana Gueye, Habib Diarra &#8211; Sadio Man\u00e9, Jackson, Isma\u00efla Sarr<\/p>\n<p>Soudan : Monged &#8211; Khamis, Arng, Karshom, Barglan &#8211; Abu Agla, Taifour, Eldin &#8211; Abdelrahman, Amir, Eisa<\/p>\n<p> Le S\u00e9n\u00e9gal en position de favori <\/p>\n<p>Port\u00e9 par ses mousquetaires Edouard Mendy (33 ans), Kalidou Koulibaly (34 ans), Idrissa Gueye (36 ans) et <a href=\"https:\/\/www.france24.com\/fr\/tag\/sadio-man\u00e9\/\" target=\"_self\" class=\"gtm-add-suggested-tag\" rel=\"nofollow noopener\">Sadio Man\u00e9<\/a> (33 ans), ainsi que par la fougue de leur &#8220;supersub&#8221; Ibrahim Mbaye (17 ans), le S\u00e9n\u00e9gal, cador de l&#8217;\u00e9preuve, a assum\u00e9 son rang en terminant <a href=\"https:\/\/www.france24.com\/fr\/dossier\/can\/phase-de-groupes\/\" target=\"_self\" rel=\"nofollow noopener\">premier du groupe D<\/a>. Seule ombre au tableau des Lions de la Teranga, la suspension du capitaine Koulibaly exclu lors de la derni\u00e8re rencontre.<\/p>\n<p class=\"a-read-more\">\u00c0 lire aussi<a href=\"https:\/\/www.france24.com\/fr\/sports\/20260102-\u00e0-17-ans-\u00e0-ce-niveau-c-est-impressionnant-ibrahim-mbaye-encens\u00e9-par-les-cadres-du-s\u00e9n\u00e9gal\" target=\"_self\" class=\"a-read-more__link\" rel=\"nofollow noopener\">&#8220;\u00c0 17 ans, \u00e0 ce niveau, c\u2019est impressionnant&#8221;\u00a0: Ibrahim Mbaye encens\u00e9 par les cadres du S\u00e9n\u00e9gal<\/a><\/p>\n<p>Son absence ne va s\u00fbrement pas suffire au Soudan, pays ravag\u00e9 par la guerre civile depuis 2023, qui s&#8217;est hiss\u00e9 en phase finale sans avoir inscrit le moindre but. Sa seule victoire, <a href=\"https:\/\/www.france24.com\/fr\/sports\/20251228-can-2025-guinee-equatoriale-soudan-resume-purge\" target=\"_self\" rel=\"nofollow noopener\">contre la Guin\u00e9e \u00e9quatoriale<\/a>, a \u00e9t\u00e9 acquise gr\u00e2ce \u00e0 un but contre son camp.<\/p>\n<p class=\"a-read-more\">\u00c0 lire aussi<a href=\"https:\/\/www.france24.com\/fr\/sports\/20260102-soudan-senegal-reve-guerre-can\" target=\"_self\" class=\"a-read-more__link\" rel=\"nofollow noopener\">S\u00e9n\u00e9gal &#8211; Soudan : des Crocodiles du Nil qui font r\u00eaver tout un peuple en guerre<\/a><\/p>\n<p>Le vainqueur affrontera le <a href=\"https:\/\/www.france24.com\/fr\/tag\/mali\/\" target=\"_self\" class=\"gtm-add-suggested-tag\" rel=\"nofollow noopener\">Mali<\/a> ou la <a href=\"https:\/\/www.france24.com\/fr\/tag\/tunisie\/\" target=\"_self\" class=\"gtm-add-suggested-tag\" rel=\"nofollow noopener\">Tunisie<\/a> en quarts de finale.<\/p>\n<p class=\"a-read-more\">\u00c0 lire aussi<a href=\"https:\/\/www.france24.com\/fr\/sports\/20251231-chocs-huitiemes-finale-can-2025\" target=\"_self\" class=\"a-read-more__link\" rel=\"nofollow noopener\">Alg\u00e9rie &#8211; RD Congo, Tunisie &#8211; Mali, Afrique du Sud &#8211; Cameroun : les chocs des 8es de la CAN<\/a><\/p>\n<p> \u00c0 quelle heure et sur quelle cha\u00eene regarder S\u00e9n\u00e9gal &#8211; Soudan <\/p>\n<p>Le match de la CAN 2025 entre\u00a0les\u00a0Lions de la Teranga du S\u00e9n\u00e9gal et les Crocodiles du Nil du Soudan aura lieu samedi 3 janvier, \u00e0 17 h (heure de Paris), au Grand Stade de Tanger.<\/p>\n<p class=\"a-read-more\">\u00c0 lire aussi<a href=\"https:\/\/www.france24.com\/fr\/sports\/20251024-calendrier-horaires-affiches-programme-can-2025-maroc\" target=\"_self\" class=\"a-read-more__link\" rel=\"nofollow noopener\">Calendrier, horaires, affiches et r\u00e9sultats : tout savoir sur la CAN 2025 au Maroc<\/a><\/p>\n<p>En France, la rencontre sera diffus\u00e9e sur les cha\u00eenes de beIN Sports, diffuseur officiel de la comp\u00e9tition.<\/p>\n<p>En Afrique, beIN Sports, New World TV, Canal+ CAN et la cha\u00eene 100 % CAN de Canal+ Afrique retransmettent \u00e9galement la CAN 2025.<\/p>\n","protected":false},"excerpt":{"rendered":"Les Crocodiles du Nil affrontent le S\u00e9n\u00e9gal samedi en huiti\u00e8mes de finale de la CAN 2025 au Grand&hellip;\n","protected":false},"author":2,"featured_media":4305,"comment_status":"","ping_status":"","sticky":false,"template":"","format":"standard","meta":{"footnotes":""},"categories":[48],"tags":[179,311,1910,159,1005,264],"class_list":{"0":"post-4304","1":"post","2":"type-post","3":"status-publish","4":"format-standard","5":"has-post-thumbnail","7":"category-senegal","8":"tag-can-2025","9":"tag-football","10":"tag-live-can-2025","11":"tag-senegal","12":"tag-soudan","13":"tag-sports"},"share_on_mastodon":{"url":"","error":""},"_links":{"self":[{"href":"https:\/\/www.europesays.com\/africa\/wp-json\/wp\/v2\/posts\/4304","targetHints":{"allow":["GET"]}}],"collection":[{"href":"https:\/\/www.europesays.com\/africa\/wp-json\/wp\/v2\/posts"}],"about":[{"href":"https:\/\/www.europesays.com\/africa\/wp-json\/wp\/v2\/types\/post"}],"author":[{"embeddable":true,"href":"https:\/\/www.europesays.com\/africa\/wp-json\/wp\/v2\/users\/2"}],"replies":[{"embeddable":true,"href":"https:\/\/www.europesays.com\/africa\/wp-json\/wp\/v2\/comments?post=4304"}],"version-history":[{"count":0,"href":"https:\/\/www.europesays.com\/africa\/wp-json\/wp\/v2\/posts\/4304\/revisions"}],"wp:featuredmedia":[{"embeddable":true,"href":"https:\/\/www.europesays.com\/africa\/wp-json\/wp\/v2\/media\/4305"}],"wp:attachment":[{"href":"https:\/\/www.europesays.com\/africa\/wp-json\/wp\/v2\/media?parent=4304"}],"wp:term":[{"taxonomy":"category","embeddable":true,"href":"https:\/\/www.europesays.com\/africa\/wp-json\/wp\/v2\/categories?post=4304"},{"taxonomy":"post_tag","embeddable":true,"href":"https:\/\/www.europesays.com\/africa\/wp-json\/wp\/v2\/tags?post=4304"}],"curies":[{"name":"wp","href":"https:\/\/api.w.org\/{rel}","templated":true}]}}