{"id":4371,"date":"2026-01-05T06:34:07","date_gmt":"2026-01-05T06:34:07","guid":{"rendered":"https:\/\/www.europesays.com\/africa\/4371\/"},"modified":"2026-01-05T06:34:07","modified_gmt":"2026-01-05T06:34:07","slug":"auxonne-le-club-senegal-a-presente-son-projet-de-voyage-solidaire","status":"publish","type":"post","link":"https:\/\/www.europesays.com\/africa\/4371\/","title":{"rendered":"Auxonne. Le club S\u00e9n\u00e9gal a pr\u00e9sent\u00e9 son projet de voyage solidaire"},"content":{"rendered":"<p>Fanny Robic, professeur d\u2019anglais au coll\u00e8ge La-Croix-des-Sarrasins, est \u00e0 l\u2019origine du projet qui pr\u00e9voit un voyage au S\u00e9n\u00e9gal pour les \u00e9l\u00e8ves. Le dessein a \u00e9t\u00e9 m\u00fbrement r\u00e9fl\u00e9chi, \u00ab le club S\u00e9n\u00e9gal a d\u00e9marr\u00e9 son projet solidaire et environnemental \u00e0 la rentr\u00e9e de septembre 2024 \u00bb. <\/p>\n<p>Au d\u00e9part, le groupe de dix coll\u00e9giens correspondait avec des coll\u00e9giens d\u2019un \u00e9tablissement situ\u00e9 \u00e0 Dakar, mais ce projet a d\u00fb \u00eatre abandonn\u00e9 au profit de deux \u00e9tablissements un coll\u00e8ge et une \u00e9cole maternelle. Les \u00e9l\u00e8ves pr\u00e9cisent : \u00ab Nous avons tout d\u2019abord commenc\u00e9 par faire des \u00e9changes de lettres et vid\u00e9os ce qui nous a permis de d\u00e9couvrir le quotidien des coll\u00e9giens s\u00e9n\u00e9galais, leur culture ainsi que les diff\u00e9rences qui peuvent exister entre nos deux pays \u00bb. Julie Thomas ajoute : \u00ab Au fil des \u00e9changes, des besoins importants sont apparus notamment en ce qui concerne la pr\u00e9carit\u00e9 menstruelle. En effet, les coll\u00e9giennes manquent r\u00e9guli\u00e8rement l\u2019\u00e9cole faute de protections adapt\u00e9es. Nous avons donc pour projet la mise en place d\u2019ateliers couture d\u00e8s le mois de janvier afin de fabriquer des protections lavables pour nos correspondantes s\u00e9n\u00e9galaises \u00bb. <\/p>\n<p>  Un projet p\u00e9dagogique, mais pas seulement !<\/p>\n<p>Mais ce n\u2019est pas tout, puisque parall\u00e8lement \u00e0 cette premi\u00e8re action, les coll\u00e9giens ont \u00e9galement un partenariat avec une \u00e9cole maternelle o\u00f9 les enfants y apprennent le fran\u00e7ais. \u00ab Cependant, ils manquent de mat\u00e9riel p\u00e9dagogique \u00bb, explique Louis Da Silva Monin. \u00ab Alors nous allons les aider en adaptant des comptines fran\u00e7aises avec un vocabulaire plus simple et en les illustrant. \u00bb Les coll\u00e9giens vont \u00e9galement emporter dans leurs bagages des jouets pour les enfants qui n\u2019ont rien pour jouer. Par ailleurs, le projet a \u00e9galement un volet environnemental. Le club S\u00e9n\u00e9gal souhaite aussi am\u00e9liorer le cadre de vie de ces enfants en plantant des arbres dans leur cour d\u2019\u00e9cole.<\/p>\n<p>  De multiples actions ont \u00e9t\u00e9 men\u00e9es pour r\u00e9colter des fonds<\/p>\n<p>Fanny Robic tient \u00e0 pr\u00e9ciser qu\u2019\u00ab\u00a0afin de faciliter la mise en place des actions propos\u00e9es par les \u00e9l\u00e8ves, nous avons cr\u00e9\u00e9 avec deux coll\u00e8gues professeures, Claire Frelin et Karine Zaragoza, l\u2019association Etik\u2019ados. Afin de r\u00e9colter des fonds pour financer le voyage en Afrique, les \u00e9l\u00e8ves ont men\u00e9 plusieurs actions notamment : un stand au march\u00e9 de No\u00ebl organis\u00e9 par l\u2019Union commerciale industrielle et artisanale auxonnaise (Uciaa) en d\u00e9cembre dernier, un march\u00e9 en mai, un concert de gospel et derni\u00e8rement, un stand de cr\u00e9ations et d\u00e9corations au march\u00e9 de No\u00ebl de Tr\u00e9clun. Ils ont \u00e9galement organis\u00e9 une collecte de livres et de stylos qui ont remport\u00e9 un vif succ\u00e8s aupr\u00e8s de toutes les classes du coll\u00e8ge \u00bb. <\/p>\n<p>La professeur d\u2019anglais indique : \u00ab Nous sommes toujours en recherche de sponsors pour nous permettre de mener \u00e0 bien ce projet \u00bb. Un projet d\u2019envergure \u00ab\u00a0qui permet aux \u00e9l\u00e8ves de d\u00e9velopper des comp\u00e9tences essentielles li\u00e9es \u00e0 la citoyennet\u00e9, la tol\u00e9rance ainsi que la solidarit\u00e9. L\u2019\u00e9change interculturel avec les jeunes s\u00e9n\u00e9galais offre une opportunit\u00e9 unique d\u2019ouverture culturelle, favorisant la compr\u00e9hension mutuelle et le respect des diff\u00e9rences \u00bb, confie-t-elle. Elle conclut : \u00ab Cette exp\u00e9rience les sensibilise aux in\u00e9galit\u00e9s mondiales et les encourage \u00e0 devenir des citoyens engag\u00e9s et solidaires \u00bb. Afin de faire conna\u00eetre leur projet et leurs actions, les coll\u00e9giens ont cr\u00e9\u00e9 un compte Instagram intitul\u00e9 Dakar, on y va avec toi.<\/p>\n","protected":false},"excerpt":{"rendered":"Fanny Robic, professeur d\u2019anglais au coll\u00e8ge La-Croix-des-Sarrasins, est \u00e0 l\u2019origine du projet qui pr\u00e9voit un voyage au S\u00e9n\u00e9gal&hellip;\n","protected":false},"author":2,"featured_media":4372,"comment_status":"","ping_status":"","sticky":false,"template":"","format":"standard","meta":{"footnotes":""},"categories":[48],"tags":[3481,3482,3480,298,1143,295,159,960,239],"class_list":{"0":"post-4371","1":"post","2":"type-post","3":"status-publish","4":"format-standard","5":"has-post-thumbnail","7":"category-senegal","8":"tag-auxonne","9":"tag-auxonne-bassin","10":"tag-college-lycee","11":"tag-edition-region-dijonnaise","12":"tag-education","13":"tag-fil-info","14":"tag-senegal","15":"tag-social","16":"tag-societe"},"share_on_mastodon":{"url":"","error":""},"_links":{"self":[{"href":"https:\/\/www.europesays.com\/africa\/wp-json\/wp\/v2\/posts\/4371","targetHints":{"allow":["GET"]}}],"collection":[{"href":"https:\/\/www.europesays.com\/africa\/wp-json\/wp\/v2\/posts"}],"about":[{"href":"https:\/\/www.europesays.com\/africa\/wp-json\/wp\/v2\/types\/post"}],"author":[{"embeddable":true,"href":"https:\/\/www.europesays.com\/africa\/wp-json\/wp\/v2\/users\/2"}],"replies":[{"embeddable":true,"href":"https:\/\/www.europesays.com\/africa\/wp-json\/wp\/v2\/comments?post=4371"}],"version-history":[{"count":0,"href":"https:\/\/www.europesays.com\/africa\/wp-json\/wp\/v2\/posts\/4371\/revisions"}],"wp:featuredmedia":[{"embeddable":true,"href":"https:\/\/www.europesays.com\/africa\/wp-json\/wp\/v2\/media\/4372"}],"wp:attachment":[{"href":"https:\/\/www.europesays.com\/africa\/wp-json\/wp\/v2\/media?parent=4371"}],"wp:term":[{"taxonomy":"category","embeddable":true,"href":"https:\/\/www.europesays.com\/africa\/wp-json\/wp\/v2\/categories?post=4371"},{"taxonomy":"post_tag","embeddable":true,"href":"https:\/\/www.europesays.com\/africa\/wp-json\/wp\/v2\/tags?post=4371"}],"curies":[{"name":"wp","href":"https:\/\/api.w.org\/{rel}","templated":true}]}}