{"id":4396,"date":"2026-01-05T06:51:02","date_gmt":"2026-01-05T06:51:02","guid":{"rendered":"https:\/\/www.europesays.com\/africa\/4396\/"},"modified":"2026-01-05T06:51:02","modified_gmt":"2026-01-05T06:51:02","slug":"des-mesures-fermes-annoncees-contre-les-mouvements-de-foules","status":"publish","type":"post","link":"https:\/\/www.europesays.com\/africa\/4396\/","title":{"rendered":"Des mesures fermes annonc\u00e9es contre les mouvements de foules"},"content":{"rendered":"<p class=\"firstp\">Dans la nuit du 3 au 4 janvier 2026, le ministre de l\u2019Int\u00e9rieur et de la S\u00e9curit\u00e9 publique a supervis\u00e9 une vaste op\u00e9ration de s\u00e9curisation men\u00e9e conjointement par la Police et la Gendarmerie dans la banlieue dakaroise.<\/p>\n<p>Les forces de d\u00e9fense et de s\u00e9curit\u00e9 ont \u00e9t\u00e9 d\u00e9ploy\u00e9es sur plusieurs points jug\u00e9s sensibles, notamment \u00e0 Pikine et Gu\u00e9diawaye. Cette op\u00e9ration s\u2019inscrit dans une dynamique de renforcement durable de la pr\u00e9sence s\u00e9curitaire afin de relever le niveau de s\u00e9curit\u00e9 dans la banlieue.\n<\/p>\n<p>\u00c0 cette occasion, le ministre a insist\u00e9 sur la n\u00e9cessit\u00e9 de g\u00e9n\u00e9raliser et de syst\u00e9matiser les amendes forfaitaires en cas de non-respect du code de la route, appelant \u00e0 \u00ab taxer l\u2019indiscipline \u00bb pour lutter plus efficacement contre les comportements \u00e0 risque.\n<\/p>\n<p>Il a \u00e9galement donn\u00e9 des instructions fermes pour endiguer le ph\u00e9nom\u00e8ne des mouvements de foules qui, lors de certains \u00e9v\u00e9nements, s\u2019en prennent aux populations et troublent l\u2019ordre public.<\/p>\n<p>Enfin, le ministre de l\u2019Int\u00e9rieur et de la S\u00e9curit\u00e9 publique a salu\u00e9 le professionnalisme et l\u2019engagement des forces de d\u00e9fense et de s\u00e9curit\u00e9, les f\u00e9licitant pour leur mobilisation constante au service de la nation. Les op\u00e9rations conjointes Police-Gendarmerie devraient se poursuivre sur l\u2019ensemble du territoire national.<\/p>\n","protected":false},"excerpt":{"rendered":"Dans la nuit du 3 au 4 janvier 2026, le ministre de l\u2019Int\u00e9rieur et de la S\u00e9curit\u00e9 publique&hellip;\n","protected":false},"author":2,"featured_media":4397,"comment_status":"","ping_status":"","sticky":false,"template":"","format":"standard","meta":{"footnotes":""},"categories":[48],"tags":[3509,159,163,239],"class_list":{"0":"post-4396","1":"post","2":"type-post","3":"status-publish","4":"format-standard","5":"has-post-thumbnail","7":"category-senegal","8":"tag-me-bamba-cisse","9":"tag-senegal","10":"tag-senegal-actualites","11":"tag-societe"},"share_on_mastodon":{"url":"","error":""},"_links":{"self":[{"href":"https:\/\/www.europesays.com\/africa\/wp-json\/wp\/v2\/posts\/4396","targetHints":{"allow":["GET"]}}],"collection":[{"href":"https:\/\/www.europesays.com\/africa\/wp-json\/wp\/v2\/posts"}],"about":[{"href":"https:\/\/www.europesays.com\/africa\/wp-json\/wp\/v2\/types\/post"}],"author":[{"embeddable":true,"href":"https:\/\/www.europesays.com\/africa\/wp-json\/wp\/v2\/users\/2"}],"replies":[{"embeddable":true,"href":"https:\/\/www.europesays.com\/africa\/wp-json\/wp\/v2\/comments?post=4396"}],"version-history":[{"count":0,"href":"https:\/\/www.europesays.com\/africa\/wp-json\/wp\/v2\/posts\/4396\/revisions"}],"wp:featuredmedia":[{"embeddable":true,"href":"https:\/\/www.europesays.com\/africa\/wp-json\/wp\/v2\/media\/4397"}],"wp:attachment":[{"href":"https:\/\/www.europesays.com\/africa\/wp-json\/wp\/v2\/media?parent=4396"}],"wp:term":[{"taxonomy":"category","embeddable":true,"href":"https:\/\/www.europesays.com\/africa\/wp-json\/wp\/v2\/categories?post=4396"},{"taxonomy":"post_tag","embeddable":true,"href":"https:\/\/www.europesays.com\/africa\/wp-json\/wp\/v2\/tags?post=4396"}],"curies":[{"name":"wp","href":"https:\/\/api.w.org\/{rel}","templated":true}]}}