{"id":4471,"date":"2026-01-05T07:34:18","date_gmt":"2026-01-05T07:34:18","guid":{"rendered":"https:\/\/www.europesays.com\/africa\/4471\/"},"modified":"2026-01-05T07:34:18","modified_gmt":"2026-01-05T07:34:18","slug":"ce-reboiseur-de-lorne-a-plante-4-millions-darbres-en-35-ans-dont-cette-micro-foret-primaire-pres-dalencon","status":"publish","type":"post","link":"https:\/\/www.europesays.com\/africa\/4471\/","title":{"rendered":"Ce reboiseur de l\u2019Orne a plant\u00e9 4 millions d\u2019arbres en 35 ans dont cette micro for\u00eat primaire pr\u00e8s d\u2019Alen\u00e7on"},"content":{"rendered":"<p>                    Par<\/p>\n<p>            <a href=\"https:\/\/actu.fr\/auteur\/karina-pujeolle\" title=\"Consulter tous les articles de Karina Pujeolle\" rel=\"nofollow noopener\" target=\"_blank\">Karina Pujeolle<\/a><\/p>\n<p>        Publi\u00e9 le<\/p>\n<p>            3 janv. 2026 \u00e0 11h28        <\/p>\n<p>Reboiseur install\u00e9 dans l\u2019<a href=\"https:\/\/actu.fr\/orne-hebdo\/\" rel=\"nofollow noopener\" target=\"_blank\">Orne<\/a>, au pied de la for\u00eat d\u2019\u00c9couves, <a href=\"https:\/\/actu.fr\/normandie\/ecouves_61341\/reboiseur-dans-lorne-il-plante-les-forets-de-demain-en-etudiant-levolution-des-arbres-et-du-climat_63646325.html\" rel=\"nofollow noopener\" target=\"_blank\">Thierry Bourr\u00e9<\/a> est le \u00ab\u2009cr\u00e9ateur\u2009\u00bb de<a href=\"https:\/\/actu.fr\/normandie\/saint-denis-sur-sarthon_61382\/saint-denis-sur-sarthon-projet-de-reforestation-12-000-arbres-plantes-cet-hiver_56332396.html\" rel=\"nofollow noopener\" target=\"_blank\"> la micro-for\u00eat de Saint-Denis-sur-Sarthon<\/a>. Sur une parcelle en friche, il a plant\u00e9 25\u2009000 arbres en deux temps\u2009: 15\u2009000 il y a trois ans et 10\u2009000 l\u2019ann\u00e9e suivante.<\/p>\n<p>\u00ab\u2009En forte densit\u00e9, les arbres grandissent\u2009\u00bb<\/p>\n<p class=\" wall-content\">\u00ab\u2009Ici, c\u2019est la m\u00e9thode Miyawaki, du nom d\u2019un botaniste japonais, qui est appliqu\u00e9e. Elle vise \u00e0 planter plusieurs arbres au m\u00e8tre carr\u00e9. En tr\u00e8s forte densit\u00e9, \u00e7a augmente la croissance au d\u00e9part\u00a0\u00bb, explique le forestier.<\/p>\n<p>En les serrant, les arbres poussent plus vite, plus haut car ils se sentent bien, et quand ils grandissent, il faut proc\u00e9der \u00e0 quelques \u00e9claircies pour qu\u2019ils se sentent mieux.<\/p>\n<p>Thierry Bourr\u00e9<\/p>\n<p class=\" wall-content\">Cette m\u00e9thode est parfois discut\u00e9e, mais pour Thierry Bourr\u00e9e \u00ab\u2009toutes les exp\u00e9riences sont bonnes et quand on plante un arbre, on ne commet pas de crime\u2009\u00bb.<\/p>\n<p>Le soigneur des arbres<\/p>\n<p class=\" wall-content\">La micro for\u00eat de Saint-Denis est compos\u00e9e \u00ab\u2009d\u2019une vingtaine d\u2019esp\u00e8ces\u2009\u00bb diff\u00e9rentes \u00ab\u2009pour recr\u00e9er une for\u00eat primaire sur laquelle on limite l\u2019intervention humaine\u2009\u00bb.<\/p>\n<p>Vid\u00e9os : en ce moment sur Actu<\/p>\n<p class=\" wall-content\">Thierry Bourr\u00e9 veille donc sur elle en observant l\u2019attitude de chacun de ces arbres. Comme un docteur\u2009? \u00ab\u2009Non je suis plut\u00f4t le soigneur. Je suis \u00e0 son service, elle vit toute seule et se d\u00e9brouille toute seule.\u2009\u00bb<\/p>\n<p class=\" wall-content\">Cette micro for\u00eat, \u00ab\u2009puits de carbone\u2009\u00bb, se veut avant tout \u00eelot de fra\u00eecheur. \u00ab\u2009En plein \u00e9t\u00e9, on constate d\u00e9j\u00e0 jusqu\u2019\u00e0 4 degr\u00e9s de diff\u00e9rence entre l\u2019int\u00e9rieur et l\u2019ext\u00e9rieur de cette for\u00eat naissante.\u2009\u00bb<\/p>\n<p>Votre r\u00e9gion, votre actu !<\/p>\n<p>Recevez chaque jour les infos qui comptent pour vous.<\/p>\n<p>\t<a href=\"https:\/\/actu.fr\/newsletter\" class=\"ac-btn ac-btn--corner ac-btn--medium ac-btn--blue800\" rel=\"nofollow noopener\" target=\"_blank\">S&#8217;incrire<\/a><br \/>\nDes for\u00eats, pas toujours pour des raisons \u00e9colos<\/p>\n<p>Thierry Bourr\u00e9 rappelle que les cr\u00e9ations de for\u00eat n&#8217;ont pas toujours \u00e9t\u00e9 motiv\u00e9es par le changement climatique et l&#8217;\u00e9cologie.<br \/>&#13;<br \/>\nLes for\u00eats de ch\u00eanes du Perche\u2009? &#8220;\u2009On nous les envie, mais en r\u00e9alit\u00e9, Colbert les avait cr\u00e9\u00e9es pour la Marine Royale et l&#8217;Arm\u00e9e, pas \u00e0 des fins \u00e9cologiques. Le ch\u00eane servait de mati\u00e8re pour les bateaux\u2009!\u2009&#8221;<br \/>&#13;<br \/>\nLes Landes\u2009? &#8220;\u2009Les for\u00eats de pins ont \u00e9t\u00e9 cr\u00e9\u00e9es par mesure sanitaire, parce qu&#8217;il y avait trop de marais et de maladies, donc les gens mouraient. Il fallait les ass\u00e9cher pour que les gens vivent et cela a cr\u00e9\u00e9 de l&#8217;activit\u00e9 \u00e9conomique.\u2009&#8221;<br \/>&#13;<br \/>\nL&#8217;enr\u00e9sinement\u2009? &#8220;\u2009Il a vu le jour apr\u00e8s la guerre parce qu&#8217;il n&#8217;y avait plus de for\u00eats car plus de maisons. Le choix s&#8217;est port\u00e9 sur le Douglas. Apr\u00e8s lui, il peut repousser des feuillus, mais rarement des r\u00e9sineux.\u2009&#8221;<\/p>\n<p>Pr\u00e8s de 4\u00a0millions d\u2019arbres<\/p>\n<p class=\" wall-content\">Depuis 1989, date de la cr\u00e9ation de son entreprise, Thierry Bourr\u00e9 a plant\u00e9 3\u2009900\u2009000 arbres. \u00ab\u2009C\u2019est environ 100\u2009000 par an\u2009\u00bb, compte-t-il. \u00ab\u2009Ce n\u2019est pas \u00e9norme\u2009\u00bb, commente-t-il. \u00ab\u2009Jusqu\u2019en 1999, il y avait 120\u00a0millions d\u2019arbres plant\u00e9s par an. Apr\u00e8s <a href=\"https:\/\/actu.fr\/normandie\/alencon_61001\/il-a-20-ans-tempete-frappait-pays-dalencon-stephane-huve-reste-traumatisme_30384305.html\" rel=\"nofollow noopener\" target=\"_blank\">la temp\u00eate,<\/a> nous sommes redescendus \u00e0 20\u00a0millions par an pour remonter, en ce moment, \u00e0 40\u00a0millions par an.\u2009\u00bb<\/p>\n<p>La temp\u00eate de 1999<\/p>\n<p class=\" wall-content\">Pourquoi cet effondrement\u2009? \u00ab\u2009\u00c0 cause d\u2019une volont\u00e9 politique qu\u2019il n\u2019y a plus.\u2009\u00bb Certes, la crise de 2008 a \u00e9t\u00e9 \u00ab\u2009compliqu\u00e9e\u2009\u00bb mais, selon lui, \u00ab\u2009la temp\u00eate de 1999 n\u2019a pas \u00e9t\u00e9 dramatique pour la Nature. Ce sont deux ann\u00e9es de production de bois qui sont tomb\u00e9es en une nuit, mais en 2002, le niveau de production \u00e9tait de nouveau atteint en volume. La temp\u00eate de 1999 est donc davantage une catastrophe psychologique qu\u2019\u00e9cologique parce que la Nature s\u2019est reconstruite en trois ans.\u2009\u00bb<\/p>\n<p class=\" wall-content\">Personnalisez votre actualit\u00e9 en ajoutant vos villes et m\u00e9dias en favori avec <a href=\"https:\/\/moncompte.actu.fr\" title=\"D\u00e9couvez Mon Actu\" rel=\"nofollow noopener\" data-trk=\"{&quot;cta&quot;:{&quot;action&quot;:&quot;https:\\\/\\\/moncompte.actu.fr&quot;,&quot;category&quot;:&quot;mon compte&quot;,&quot;from&quot;:&quot;article footer&quot;,&quot;name&quot;:&quot;Mon actu&quot;,&quot;type&quot;:&quot;cta&quot;}}\" target=\"_blank\">Mon Actu<\/a>.<\/p>\n","protected":false},"excerpt":{"rendered":"Par Karina Pujeolle Publi\u00e9 le 3 janv. 2026 \u00e0 11h28 Reboiseur install\u00e9 dans l\u2019Orne, au pied de la&hellip;\n","protected":false},"author":2,"featured_media":4472,"comment_status":"","ping_status":"","sticky":false,"template":"","format":"standard","meta":{"footnotes":""},"categories":[48],"tags":[3547,2614,3548,2616,159],"class_list":{"0":"post-4471","1":"post","2":"type-post","3":"status-publish","4":"format-standard","5":"has-post-thumbnail","7":"category-senegal","8":"tag-changement-climatique","9":"tag-communaute-urbaine-dalencon","10":"tag-foret","11":"tag-planete","12":"tag-senegal"},"share_on_mastodon":{"url":"","error":""},"_links":{"self":[{"href":"https:\/\/www.europesays.com\/africa\/wp-json\/wp\/v2\/posts\/4471","targetHints":{"allow":["GET"]}}],"collection":[{"href":"https:\/\/www.europesays.com\/africa\/wp-json\/wp\/v2\/posts"}],"about":[{"href":"https:\/\/www.europesays.com\/africa\/wp-json\/wp\/v2\/types\/post"}],"author":[{"embeddable":true,"href":"https:\/\/www.europesays.com\/africa\/wp-json\/wp\/v2\/users\/2"}],"replies":[{"embeddable":true,"href":"https:\/\/www.europesays.com\/africa\/wp-json\/wp\/v2\/comments?post=4471"}],"version-history":[{"count":0,"href":"https:\/\/www.europesays.com\/africa\/wp-json\/wp\/v2\/posts\/4471\/revisions"}],"wp:featuredmedia":[{"embeddable":true,"href":"https:\/\/www.europesays.com\/africa\/wp-json\/wp\/v2\/media\/4472"}],"wp:attachment":[{"href":"https:\/\/www.europesays.com\/africa\/wp-json\/wp\/v2\/media?parent=4471"}],"wp:term":[{"taxonomy":"category","embeddable":true,"href":"https:\/\/www.europesays.com\/africa\/wp-json\/wp\/v2\/categories?post=4471"},{"taxonomy":"post_tag","embeddable":true,"href":"https:\/\/www.europesays.com\/africa\/wp-json\/wp\/v2\/tags?post=4471"}],"curies":[{"name":"wp","href":"https:\/\/api.w.org\/{rel}","templated":true}]}}