{"id":449,"date":"2026-01-03T14:08:13","date_gmt":"2026-01-03T14:08:13","guid":{"rendered":"https:\/\/www.europesays.com\/africa\/449\/"},"modified":"2026-01-03T14:08:13","modified_gmt":"2026-01-03T14:08:13","slug":"algerie-can-2025-ait-nouri-on-a-pris-enormement-de-plaisir","status":"publish","type":"post","link":"https:\/\/www.europesays.com\/africa\/449\/","title":{"rendered":"Alg\u00e9rie \/ CAN 2025 &#8211; Ait Nouri : \u00ab On a pris \u00e9norm\u00e9ment de plaisir \u00bb"},"content":{"rendered":"<p style=\"text-align: justify;\">Tr\u00e8s satisfait apr\u00e8s la victoire face \u00e0 la Guin\u00e9e \u00e9quatoriale, Rayan Ait Nouri a soulign\u00e9 le plaisir pris par les Verts sur le terrain. Le lat\u00e9ral gauche a insist\u00e9 sur l\u2019implication collective et l\u2019\u00e9tat d\u2019esprit affich\u00e9 par l\u2019\u00e9quipe, estimant que ce succ\u00e8s fait \u00e9norm\u00e9ment de bien au moral. D\u00e9sormais, place \u00e0 la pr\u00e9paration du prochain rendez-vous, avec l\u2019objectif d\u2019aborder la phase \u00e0 \u00e9limination directe dans les meilleures conditions.<\/p>\n<p>\u00a0<\/p>\n","protected":false},"excerpt":{"rendered":"Tr\u00e8s satisfait apr\u00e8s la victoire face \u00e0 la Guin\u00e9e \u00e9quatoriale, Rayan Ait Nouri a soulign\u00e9 le plaisir pris&hellip;\n","protected":false},"author":2,"featured_media":450,"comment_status":"","ping_status":"","sticky":false,"template":"","format":"standard","meta":{"footnotes":""},"categories":[254],"tags":[628,629,630,631,255,256,632],"class_list":{"0":"post-449","1":"post","2":"type-post","3":"status-publish","4":"format-standard","5":"has-post-thumbnail","7":"category-algerie","8":"tag-ait-nouri","9":"tag-ait-nouri-algu00e9rie","10":"tag-ait-nouri-algu00e9rie-guinu00e9e-u00e9quatoriale","11":"tag-ait-nouri-can-2025","12":"tag-algerie","13":"tag-algu00e9rie-can","14":"tag-rayan-ait-nouri"},"share_on_mastodon":{"url":"","error":""},"_links":{"self":[{"href":"https:\/\/www.europesays.com\/africa\/wp-json\/wp\/v2\/posts\/449","targetHints":{"allow":["GET"]}}],"collection":[{"href":"https:\/\/www.europesays.com\/africa\/wp-json\/wp\/v2\/posts"}],"about":[{"href":"https:\/\/www.europesays.com\/africa\/wp-json\/wp\/v2\/types\/post"}],"author":[{"embeddable":true,"href":"https:\/\/www.europesays.com\/africa\/wp-json\/wp\/v2\/users\/2"}],"replies":[{"embeddable":true,"href":"https:\/\/www.europesays.com\/africa\/wp-json\/wp\/v2\/comments?post=449"}],"version-history":[{"count":0,"href":"https:\/\/www.europesays.com\/africa\/wp-json\/wp\/v2\/posts\/449\/revisions"}],"wp:featuredmedia":[{"embeddable":true,"href":"https:\/\/www.europesays.com\/africa\/wp-json\/wp\/v2\/media\/450"}],"wp:attachment":[{"href":"https:\/\/www.europesays.com\/africa\/wp-json\/wp\/v2\/media?parent=449"}],"wp:term":[{"taxonomy":"category","embeddable":true,"href":"https:\/\/www.europesays.com\/africa\/wp-json\/wp\/v2\/categories?post=449"},{"taxonomy":"post_tag","embeddable":true,"href":"https:\/\/www.europesays.com\/africa\/wp-json\/wp\/v2\/tags?post=449"}],"curies":[{"name":"wp","href":"https:\/\/api.w.org\/{rel}","templated":true}]}}