{"id":4493,"date":"2026-01-05T07:46:45","date_gmt":"2026-01-05T07:46:45","guid":{"rendered":"https:\/\/www.europesays.com\/africa\/4493\/"},"modified":"2026-01-05T07:46:45","modified_gmt":"2026-01-05T07:46:45","slug":"comment-la-coupe-dafrique-a-transforme-le-rythme-de-la-medina-de-fes","status":"publish","type":"post","link":"https:\/\/www.europesays.com\/africa\/4493\/","title":{"rendered":"Comment la Coupe d\u2019Afrique a transform\u00e9 le rythme de la m\u00e9dina de F\u00e8s"},"content":{"rendered":"<p class=\"default__StyledText-sc-10mj2vp-0 CxBBS body-paragraph\">La tenue de la Coupe d\u2019Afrique des Nations au Maroc et l\u2019accueil de quatre matchs \u00e0 F\u00e8s ont entra\u00een\u00e9 une pr\u00e9sence accrue de visiteurs dans l\u2019ancienne m\u00e9dina, notamment des supporters africains venus accompagner leurs s\u00e9lections.<\/p>\n<p class=\"default__StyledText-sc-10mj2vp-0 CxBBS body-paragraph\">De Bab Boujloud \u00e0 la place R\u2019cif, en passant par Derb Tala\u00e2 et Zqaq Lahjar, les ruelles s\u2019animent. Les drapeaux africains flottent aux murs, aux caf\u00e9s et aux \u00e9choppes, peignant les ruelles de couleurs vives et transformant la m\u00e9dina en un espace festif et vivant.<\/p>\n<p class=\"default__StyledText-sc-10mj2vp-0 CxBBS body-paragraph\">Selon des t\u00e9moignages recueillis, de nombreux visiteurs ont choisi F\u00e8s pour suivre les matchs avant de d\u00e9couvrir la richesse historique et culturelle de la ville. Ces derniers ont \u00e9t\u00e9 particuli\u00e8rement frapp\u00e9s par l\u2019ambiance festive cr\u00e9\u00e9e par les habitants et la fa\u00e7on dont la m\u00e9dina s\u2019est adapt\u00e9e \u00e0 cet \u00e9v\u00e9nement sportif majeur, offrant ainsi \u00e0 la comp\u00e9tition une dimension culturelle et humaine unique.<\/p>\n<p class=\"interstitial-link block-margin-bottom\">Lire aussi : <a href=\"https:\/\/fr.le360.ma\/economie\/can-2025-mobilisation-generale-du-secteur-touristique-a-fes-pour-accueillir-les-supporters_IETYV265OBHWTGOITFSSIR73PI\/\" aria-label=\"Ouvrir un article associ\u00e9\" class=\"default__StyledLink-sc-10mj2vp-1 kkYPzd\" rel=\"nofollow noopener\" target=\"_blank\">CAN 2025: mobilisation g\u00e9n\u00e9rale du secteur touristique \u00e0 F\u00e8s pour accueillir les supporters<\/a><\/p>\n<p class=\"default__StyledText-sc-10mj2vp-0 CxBBS body-paragraph\">Pour les commer\u00e7ants, cette p\u00e9riode repr\u00e9sente un regain d\u2019activit\u00e9 inattendu. Bien que F\u00e8s n\u2019accueille que quatre matchs de la comp\u00e9tition, l\u2019afflux de visiteurs d\u00e9passe les attentes pour cette saison.<\/p>\n<p class=\"default__StyledText-sc-10mj2vp-0 CxBBS body-paragraph\">Cependant, la majorit\u00e9 des touristes se limite \u00e0 l\u2019exploration et \u00e0 la fl\u00e2nerie, ce qui n\u2019entra\u00eene pas toujours un accroissement direct des ventes. N\u00e9anmoins, certains visiteurs, notamment des supporters tunisiens et d\u2019autres pays africains, s\u2019int\u00e9ressent \u00e0 l\u2019artisanat et aux produits locaux, contribuant ainsi, m\u00eame modestement, \u00e0 l\u2019\u00e9conomie de la m\u00e9dina.<\/p>\n<p class=\"default__StyledText-sc-10mj2vp-0 CxBBS body-paragraph\">Les caf\u00e9s, restaurants et maisons d\u2019h\u00f4tes ont \u00e9galement profit\u00e9 de cet afflux, avec une hausse des r\u00e9servations et des horaires prolong\u00e9s pour suivre les matchs. Certaines ruelles se sont transform\u00e9es en des espaces ouverts o\u00f9 les supporters se rassemblent, suivent les rencontres et discutent des performances des \u00e9quipes dans une ambiance anim\u00e9e et conviviale.<\/p>\n","protected":false},"excerpt":{"rendered":"La tenue de la Coupe d\u2019Afrique des Nations au Maroc et l\u2019accueil de quatre matchs \u00e0 F\u00e8s ont&hellip;\n","protected":false},"author":2,"featured_media":4494,"comment_status":"","ping_status":"","sticky":false,"template":"","format":"standard","meta":{"footnotes":""},"categories":[62],"tags":[64,179,557,3052,158,1189],"class_list":{"0":"post-4493","1":"post","2":"type-post","3":"status-publish","4":"format-standard","5":"has-post-thumbnail","7":"category-afrique","8":"tag-afrique","9":"tag-can-2025","10":"tag-culture","11":"tag-fes","12":"tag-maroc","13":"tag-tourisme"},"share_on_mastodon":{"url":"","error":""},"_links":{"self":[{"href":"https:\/\/www.europesays.com\/africa\/wp-json\/wp\/v2\/posts\/4493","targetHints":{"allow":["GET"]}}],"collection":[{"href":"https:\/\/www.europesays.com\/africa\/wp-json\/wp\/v2\/posts"}],"about":[{"href":"https:\/\/www.europesays.com\/africa\/wp-json\/wp\/v2\/types\/post"}],"author":[{"embeddable":true,"href":"https:\/\/www.europesays.com\/africa\/wp-json\/wp\/v2\/users\/2"}],"replies":[{"embeddable":true,"href":"https:\/\/www.europesays.com\/africa\/wp-json\/wp\/v2\/comments?post=4493"}],"version-history":[{"count":0,"href":"https:\/\/www.europesays.com\/africa\/wp-json\/wp\/v2\/posts\/4493\/revisions"}],"wp:featuredmedia":[{"embeddable":true,"href":"https:\/\/www.europesays.com\/africa\/wp-json\/wp\/v2\/media\/4494"}],"wp:attachment":[{"href":"https:\/\/www.europesays.com\/africa\/wp-json\/wp\/v2\/media?parent=4493"}],"wp:term":[{"taxonomy":"category","embeddable":true,"href":"https:\/\/www.europesays.com\/africa\/wp-json\/wp\/v2\/categories?post=4493"},{"taxonomy":"post_tag","embeddable":true,"href":"https:\/\/www.europesays.com\/africa\/wp-json\/wp\/v2\/tags?post=4493"}],"curies":[{"name":"wp","href":"https:\/\/api.w.org\/{rel}","templated":true}]}}