{"id":451,"date":"2026-01-03T14:09:09","date_gmt":"2026-01-03T14:09:09","guid":{"rendered":"https:\/\/www.europesays.com\/africa\/451\/"},"modified":"2026-01-03T14:09:09","modified_gmt":"2026-01-03T14:09:09","slug":"pourquoi-le-senegal-a-expulse-124-ressortissants-etrangers","status":"publish","type":"post","link":"https:\/\/www.europesays.com\/africa\/451\/","title":{"rendered":"Pourquoi le S\u00e9n\u00e9gal a expuls\u00e9 124 ressortissants \u00e9trangers"},"content":{"rendered":"<p>Les 25 et 26 d\u00e9cembre 2025, le Secteur frontalier de Moussala a men\u00e9 une vaste op\u00e9ration de contr\u00f4le des documents de voyage dans plusieurs localit\u00e9s frontali\u00e8res du sud-est du S\u00e9n\u00e9gal. Cette op\u00e9ration s\u2019inscrit dans le cadre de l\u2019application des dispositions relatives au s\u00e9jour et \u00e0 l\u2019\u00e9tablissement des \u00e9trangers sur le territoire national.            <\/p>\n<p class=\"pread\" style=\"background: #fff6d3;font-size:17px !important;padding:0px 0 16px 0;border:none;font-family:'source-sans-pro' !important;color:#444 !important;\">\n<p>La suite est r\u00e9serv\u00e9e \u00e0 nos abonn\u00e9s.<br \/>D\u00e9j\u00e0 abonn\u00e9 ? <a href=\"https:\/\/www.senenews.com\/login?redirect_to=https:\/\/www.senenews.com\/actualites\/vaste-operation-aux-frontieres-pourquoi-le-senegal-a-expulse-124-ressortissants-etrangers_571402.html\" style=\"text-decoration: underline !important;font-weight: bold;\" rel=\"nofollow noopener\" target=\"_blank\">Se connecter<\/a><\/p>\n<p>Profitez de 3 mois offerts<br \/>et acc\u00e9dez \u00e0 tous nos contenus<br \/>sans aucune publicit\u00e9<\/p>\n<p style=\"text-align:center;font-size:14px;font-family:'source-sans-pro'\">\n<a href=\"https:\/\/www.senenews.com\/rejoignez-senenews-premium-pour-soutenir-une-redaction-libre-et-independante\" style=\"text-decoration:none!important;border-bottom:1px solid\" rel=\"nofollow noopener\" target=\"_blank\">Pourquoi vous devez soutenir l\u2019initiative Senenews Premium?<\/a><\/p>\n","protected":false},"excerpt":{"rendered":"Les 25 et 26 d\u00e9cembre 2025, le Secteur frontalier de Moussala a men\u00e9 une vaste op\u00e9ration de contr\u00f4le&hellip;\n","protected":false},"author":2,"featured_media":452,"comment_status":"","ping_status":"","sticky":false,"template":"","format":"standard","meta":{"footnotes":""},"categories":[48],"tags":[161,633,159,163,239],"class_list":{"0":"post-451","1":"post","2":"type-post","3":"status-publish","4":"format-standard","5":"has-post-thumbnail","7":"category-senegal","8":"tag-articles-premium","9":"tag-etrangers","10":"tag-senegal","11":"tag-senegal-actualites","12":"tag-societe"},"share_on_mastodon":{"url":"","error":""},"_links":{"self":[{"href":"https:\/\/www.europesays.com\/africa\/wp-json\/wp\/v2\/posts\/451","targetHints":{"allow":["GET"]}}],"collection":[{"href":"https:\/\/www.europesays.com\/africa\/wp-json\/wp\/v2\/posts"}],"about":[{"href":"https:\/\/www.europesays.com\/africa\/wp-json\/wp\/v2\/types\/post"}],"author":[{"embeddable":true,"href":"https:\/\/www.europesays.com\/africa\/wp-json\/wp\/v2\/users\/2"}],"replies":[{"embeddable":true,"href":"https:\/\/www.europesays.com\/africa\/wp-json\/wp\/v2\/comments?post=451"}],"version-history":[{"count":0,"href":"https:\/\/www.europesays.com\/africa\/wp-json\/wp\/v2\/posts\/451\/revisions"}],"wp:featuredmedia":[{"embeddable":true,"href":"https:\/\/www.europesays.com\/africa\/wp-json\/wp\/v2\/media\/452"}],"wp:attachment":[{"href":"https:\/\/www.europesays.com\/africa\/wp-json\/wp\/v2\/media?parent=451"}],"wp:term":[{"taxonomy":"category","embeddable":true,"href":"https:\/\/www.europesays.com\/africa\/wp-json\/wp\/v2\/categories?post=451"},{"taxonomy":"post_tag","embeddable":true,"href":"https:\/\/www.europesays.com\/africa\/wp-json\/wp\/v2\/tags?post=451"}],"curies":[{"name":"wp","href":"https:\/\/api.w.org\/{rel}","templated":true}]}}