{"id":4528,"date":"2026-01-05T08:05:10","date_gmt":"2026-01-05T08:05:10","guid":{"rendered":"https:\/\/www.europesays.com\/africa\/4528\/"},"modified":"2026-01-05T08:05:10","modified_gmt":"2026-01-05T08:05:10","slug":"meteo-chutes-de-neige-en-altitude-et-averses-orageuses-dans-plusieurs-regions-du-royaume-ce-lundi-5-janvier","status":"publish","type":"post","link":"https:\/\/www.europesays.com\/africa\/4528\/","title":{"rendered":"M\u00e9t\u00e9o. Chutes de neige en altitude et averses orageuses dans plusieurs r\u00e9gions du Royaume ce lundi 5 janvier"},"content":{"rendered":"<p class=\"default__StyledText-sc-10mj2vp-0 CxBBS body-paragraph\">&#8211; Chute de neige sur le Haut et le Moyen Atlas, au-del\u00e0 de 1700m. <\/p>\n<p class=\"default__StyledText-sc-10mj2vp-0 CxBBS body-paragraph\">&#8211; Pluies et averses parfois orageuses sur l\u2019Atlas et ses r\u00e9gions Ouest voisines, le Rif, le Saiss, l\u2019Est de la M\u00e9diterran\u00e9e, le Souss, le Nord-Ouest des provinces Sud, Chiadma, Oulm\u00e8s et par endroits sur les c\u00f4tes nord et centre. <\/p>\n<p class=\"default__StyledText-sc-10mj2vp-0 CxBBS body-paragraph\">&#8211; Pluies sur les r\u00e9gions nord et centre, la r\u00e9gion de Tanger, l\u2019Oriental, le Sud-Est et les provinces sahariennes. <\/p>\n<p class=\"default__StyledText-sc-10mj2vp-0 CxBBS body-paragraph\">&#8211; Rafales de vent assez fortes sur l\u2019est de la M\u00e9diterran\u00e9e et le nord de l\u2019Oriental, le centre du pays et le nord des provinces Sud. <\/p>\n<p class=\"default__StyledText-sc-10mj2vp-0 CxBBS body-paragraph\">&#8211; Temp\u00e9rature minimale de l\u2019ordre de -01\/04\u00b0c sur les reliefs de l\u2019Atlas, de 04\/08\u00b0c sur le Rif, les hauts plateaux et les versants Sud-Est, de 15\/18\u00b0c sur le Sud du pays et pr\u00e8s des c\u00f4tes, et de 08\/14\u00b0c partout ailleurs. <\/p>\n<p class=\"default__StyledText-sc-10mj2vp-0 CxBBS body-paragraph\">&#8211; Temp\u00e9ratures diurnes en hausse sur le Sud-Est et le Sud de l\u2019Oriental, et en l\u00e9g\u00e8re baisse ailleurs.<\/p>\n<p class=\"default__StyledText-sc-10mj2vp-0 CxBBS body-paragraph\">&#8211; Mer peu agit\u00e9e \u00e0 agit\u00e9e en M\u00e9diterran\u00e9e et sur le D\u00e9troit, agit\u00e9e \u00e0 forte \u00e0 tr\u00e8s forte entre Cap Spartel et Tarfaya, devenant forte \u00e0 tr\u00e8s forte le soir entre Casablanca et Tantan, et agit\u00e9e ailleurs.<\/p>\n<p class=\"interstitial-link block-margin-bottom\">Lire aussi : <a href=\"https:\/\/fr.le360.ma\/societe\/agadir-une-mobilisation-exceptionnelle-face-a-des-pluies-finalement-moderees_YXBVMJX5RZCDDIZSJO6G44X65A\/\" aria-label=\"Ouvrir un article associ\u00e9\" class=\"default__StyledLink-sc-10mj2vp-1 kkYPzd\" rel=\"nofollow noopener\" target=\"_blank\">Agadir: une mobilisation exceptionnelle face \u00e0 des pluies finalement mod\u00e9r\u00e9es<\/a><\/p>\n<p class=\"default__StyledText-sc-10mj2vp-0 CxBBS body-paragraph\">Temp\u00e9ratures minimales et maximales pr\u00e9vues par la Direction g\u00e9n\u00e9rale de la m\u00e9t\u00e9orologie pour lundi 5 janvier 2026:<\/p>\n<p class=\"default__StyledText-sc-10mj2vp-0 CxBBS body-paragraph\">\u2013 Oujda min 11 max 13<\/p>\n<p class=\"default__StyledText-sc-10mj2vp-0 CxBBS body-paragraph\">\u2013 Bouarfa min 7 max 14<\/p>\n<p class=\"default__StyledText-sc-10mj2vp-0 CxBBS body-paragraph\">\u2013 Al Hoceima min 12 max 15<\/p>\n<p class=\"default__StyledText-sc-10mj2vp-0 CxBBS body-paragraph\">\u2013 T\u00e9touan min 12 max 15<\/p>\n<p class=\"default__StyledText-sc-10mj2vp-0 CxBBS body-paragraph\">\u2013 Sebta min 10 max 15<\/p>\n<p class=\"default__StyledText-sc-10mj2vp-0 CxBBS body-paragraph\">\u2013 Mellilia min 12 max 16<\/p>\n<p class=\"default__StyledText-sc-10mj2vp-0 CxBBS body-paragraph\">\u2013 Tanger min 10 max 15<\/p>\n<p class=\"default__StyledText-sc-10mj2vp-0 CxBBS body-paragraph\">\u2013 K\u00e9nitra min 12 max 16<\/p>\n<p class=\"default__StyledText-sc-10mj2vp-0 CxBBS body-paragraph\">\u2013 Rabat min 12 max 15<\/p>\n<p class=\"default__StyledText-sc-10mj2vp-0 CxBBS body-paragraph\">\u2013 Casablanca min 13 max 16<\/p>\n<p class=\"default__StyledText-sc-10mj2vp-0 CxBBS body-paragraph\">\u2013 El Jadida min 13 max 16<\/p>\n<p class=\"default__StyledText-sc-10mj2vp-0 CxBBS body-paragraph\">\u2013 Settat min 9 max 13<\/p>\n<p class=\"default__StyledText-sc-10mj2vp-0 CxBBS body-paragraph\">\u2013 Safi min 12 max 16<\/p>\n<p class=\"default__StyledText-sc-10mj2vp-0 CxBBS body-paragraph\">\u2013 Khouribga min 7 max 11<\/p>\n<p class=\"default__StyledText-sc-10mj2vp-0 CxBBS body-paragraph\">\u2013 B\u00e9ni Mellal min 10 max 14<\/p>\n<p class=\"default__StyledText-sc-10mj2vp-0 CxBBS body-paragraph\">\u2013 Marrakech min 12 max 14<\/p>\n<p class=\"default__StyledText-sc-10mj2vp-0 CxBBS body-paragraph\">\u2013 Mekn\u00e8s min 9 max 12<\/p>\n<p class=\"default__StyledText-sc-10mj2vp-0 CxBBS body-paragraph\">\u2013 F\u00e8s min 10 max 13<\/p>\n<p class=\"default__StyledText-sc-10mj2vp-0 CxBBS body-paragraph\">\u2013 Ifrane min 1 max 4<\/p>\n<p class=\"default__StyledText-sc-10mj2vp-0 CxBBS body-paragraph\">\u2013 Taounate min 8 max 11<\/p>\n<p class=\"default__StyledText-sc-10mj2vp-0 CxBBS body-paragraph\">\u2013 Errachidia min 7 max 15<\/p>\n<p class=\"default__StyledText-sc-10mj2vp-0 CxBBS body-paragraph\">\u2013 Ouarzazate min 9 max 16<\/p>\n<p class=\"default__StyledText-sc-10mj2vp-0 CxBBS body-paragraph\">\u2013 Agadir min 14 max 18<\/p>\n<p class=\"default__StyledText-sc-10mj2vp-0 CxBBS body-paragraph\">\u2013 Essaouira min 13 max 15<\/p>\n<p class=\"default__StyledText-sc-10mj2vp-0 CxBBS body-paragraph\">\u2013 La\u00e2youne min 15 max 20<\/p>\n<p class=\"default__StyledText-sc-10mj2vp-0 CxBBS body-paragraph\">\u2013 Es-Semara min 14 max 21<\/p>\n<p class=\"default__StyledText-sc-10mj2vp-0 CxBBS body-paragraph\">\u2013 Dakhla min 17 max 20<\/p>\n<p class=\"default__StyledText-sc-10mj2vp-0 CxBBS body-paragraph\">\u2013 Aousserd min 16 max 23<\/p>\n<p class=\"default__StyledText-sc-10mj2vp-0 CxBBS body-paragraph\">\u2013 Lagouira min 18 max 24<\/p>\n<p class=\"default__StyledText-sc-10mj2vp-0 CxBBS body-paragraph\">\u2013 Midelt min 3 max 7.<\/p>\n<p>Par Le360 (avec MAP)<\/p>\n<p>Le 05\/01\/2026 \u00e0 05h59<\/p>\n","protected":false},"excerpt":{"rendered":"&#8211; Chute de neige sur le Haut et le Moyen Atlas, au-del\u00e0 de 1700m. &#8211; Pluies et averses&hellip;\n","protected":false},"author":2,"featured_media":4529,"comment_status":"","ping_status":"","sticky":false,"template":"","format":"standard","meta":{"footnotes":""},"categories":[41],"tags":[2152,2147,158,2148,2149,393,2150,2151],"class_list":{"0":"post-4528","1":"post","2":"type-post","3":"status-publish","4":"format-standard","5":"has-post-thumbnail","7":"category-maroc","8":"tag-climat","9":"tag-dgm","10":"tag-maroc","11":"tag-meteo","12":"tag-meteorologie","13":"tag-pluies","14":"tag-temperatures","15":"tag-vague-de-froid"},"share_on_mastodon":{"url":"","error":""},"_links":{"self":[{"href":"https:\/\/www.europesays.com\/africa\/wp-json\/wp\/v2\/posts\/4528","targetHints":{"allow":["GET"]}}],"collection":[{"href":"https:\/\/www.europesays.com\/africa\/wp-json\/wp\/v2\/posts"}],"about":[{"href":"https:\/\/www.europesays.com\/africa\/wp-json\/wp\/v2\/types\/post"}],"author":[{"embeddable":true,"href":"https:\/\/www.europesays.com\/africa\/wp-json\/wp\/v2\/users\/2"}],"replies":[{"embeddable":true,"href":"https:\/\/www.europesays.com\/africa\/wp-json\/wp\/v2\/comments?post=4528"}],"version-history":[{"count":0,"href":"https:\/\/www.europesays.com\/africa\/wp-json\/wp\/v2\/posts\/4528\/revisions"}],"wp:featuredmedia":[{"embeddable":true,"href":"https:\/\/www.europesays.com\/africa\/wp-json\/wp\/v2\/media\/4529"}],"wp:attachment":[{"href":"https:\/\/www.europesays.com\/africa\/wp-json\/wp\/v2\/media?parent=4528"}],"wp:term":[{"taxonomy":"category","embeddable":true,"href":"https:\/\/www.europesays.com\/africa\/wp-json\/wp\/v2\/categories?post=4528"},{"taxonomy":"post_tag","embeddable":true,"href":"https:\/\/www.europesays.com\/africa\/wp-json\/wp\/v2\/tags?post=4528"}],"curies":[{"name":"wp","href":"https:\/\/api.w.org\/{rel}","templated":true}]}}