{"id":4577,"date":"2026-01-05T08:37:12","date_gmt":"2026-01-05T08:37:12","guid":{"rendered":"https:\/\/www.europesays.com\/africa\/4577\/"},"modified":"2026-01-05T08:37:12","modified_gmt":"2026-01-05T08:37:12","slug":"le-plan-dousmane-sonko-pour-acquerir-7626-milliards-de-fcfa-dans-les-prochains-mois","status":"publish","type":"post","link":"https:\/\/www.europesays.com\/africa\/4577\/","title":{"rendered":"Le plan d&#8217;Ousmane Sonko pour acqu\u00e9rir 762,6 milliards de Fcfa dans les prochains mois"},"content":{"rendered":"<p>La Direction de la pr\u00e9vision et des \u00e9tudes \u00e9conomiques (DPEE) a publi\u00e9 r\u00e9cemment la situation \u00e9conomique et financi\u00e8re de 2025 et les perspectives pour 2026. L\u2019ann\u00e9e 2026 marque la premi\u00e8re ann\u00e9e compl\u00e8te de mise en \u0153uvre du Plan de relance \u00e9conomique et sociale (PRES), pr\u00e9sent\u00e9 et port\u00e9 par Ousmane Sonko puis adopt\u00e9 en 2025 \u00e0 travers la modification du Code g\u00e9n\u00e9ral des imp\u00f4ts et des textes l\u00e9gislatifs y aff\u00e9rents.            <\/p>\n<p class=\"pread\" style=\"background: #fff6d3;font-size:17px !important;padding:0px 0 16px 0;border:none;font-family:'source-sans-pro' !important;color:#444 !important;\">\n<p>La suite est r\u00e9serv\u00e9e \u00e0 nos abonn\u00e9s.<br \/>D\u00e9j\u00e0 abonn\u00e9 ? <a href=\"https:\/\/www.senenews.com\/login?redirect_to=https:\/\/www.senenews.com\/premium\/le-plan-dousmane-sonko-pour-acquerir-7626-milliards-de-fcfa-dans-les-prochains-mois_571407.html\" style=\"text-decoration: underline !important;font-weight: bold;\" rel=\"nofollow noopener\" target=\"_blank\">Se connecter<\/a><\/p>\n<p>Profitez de 3 mois offerts<br \/>et acc\u00e9dez \u00e0 tous nos contenus<br \/>sans aucune publicit\u00e9<\/p>\n<p style=\"text-align:center;font-size:14px;font-family:'source-sans-pro'\">\n<a href=\"https:\/\/www.senenews.com\/rejoignez-senenews-premium-pour-soutenir-une-redaction-libre-et-independante\" style=\"text-decoration:none!important;border-bottom:1px solid\" rel=\"nofollow noopener\" target=\"_blank\">Pourquoi vous devez soutenir l\u2019initiative Senenews Premium?<\/a><\/p>\n","protected":false},"excerpt":{"rendered":"La Direction de la pr\u00e9vision et des \u00e9tudes \u00e9conomiques (DPEE) a publi\u00e9 r\u00e9cemment la situation \u00e9conomique et financi\u00e8re&hellip;\n","protected":false},"author":2,"featured_media":4578,"comment_status":"","ping_status":"","sticky":false,"template":"","format":"standard","meta":{"footnotes":""},"categories":[48],"tags":[161,162,276,159,163],"class_list":{"0":"post-4577","1":"post","2":"type-post","3":"status-publish","4":"format-standard","5":"has-post-thumbnail","7":"category-senegal","8":"tag-articles-premium","9":"tag-economie","10":"tag-ousmane-sonko","11":"tag-senegal","12":"tag-senegal-actualites"},"share_on_mastodon":{"url":"","error":""},"_links":{"self":[{"href":"https:\/\/www.europesays.com\/africa\/wp-json\/wp\/v2\/posts\/4577","targetHints":{"allow":["GET"]}}],"collection":[{"href":"https:\/\/www.europesays.com\/africa\/wp-json\/wp\/v2\/posts"}],"about":[{"href":"https:\/\/www.europesays.com\/africa\/wp-json\/wp\/v2\/types\/post"}],"author":[{"embeddable":true,"href":"https:\/\/www.europesays.com\/africa\/wp-json\/wp\/v2\/users\/2"}],"replies":[{"embeddable":true,"href":"https:\/\/www.europesays.com\/africa\/wp-json\/wp\/v2\/comments?post=4577"}],"version-history":[{"count":0,"href":"https:\/\/www.europesays.com\/africa\/wp-json\/wp\/v2\/posts\/4577\/revisions"}],"wp:featuredmedia":[{"embeddable":true,"href":"https:\/\/www.europesays.com\/africa\/wp-json\/wp\/v2\/media\/4578"}],"wp:attachment":[{"href":"https:\/\/www.europesays.com\/africa\/wp-json\/wp\/v2\/media?parent=4577"}],"wp:term":[{"taxonomy":"category","embeddable":true,"href":"https:\/\/www.europesays.com\/africa\/wp-json\/wp\/v2\/categories?post=4577"},{"taxonomy":"post_tag","embeddable":true,"href":"https:\/\/www.europesays.com\/africa\/wp-json\/wp\/v2\/tags?post=4577"}],"curies":[{"name":"wp","href":"https:\/\/api.w.org\/{rel}","templated":true}]}}