{"id":4596,"date":"2026-01-05T08:48:07","date_gmt":"2026-01-05T08:48:07","guid":{"rendered":"https:\/\/www.europesays.com\/africa\/4596\/"},"modified":"2026-01-05T08:48:07","modified_gmt":"2026-01-05T08:48:07","slug":"a-la-une-inquietude-en-afrique-apres-la-chute-de-maduro-revue-de-presse-afrique","status":"publish","type":"post","link":"https:\/\/www.europesays.com\/africa\/4596\/","title":{"rendered":"\u00c0 la Une: inqui\u00e9tude en Afrique apr\u00e8s la chute de Maduro &#8211; Revue de presse Afrique"},"content":{"rendered":"<p>L\u2019enl\u00e8vement spectaculaire du pr\u00e9sident v\u00e9n\u00e9zu\u00e9lien par les forces sp\u00e9ciales am\u00e9ricaines est largement comment\u00e9 dans la presse du continent. \u00ab\u00a0La chute de Nicolas Maduro (\u2026) s\u2019inscrit dans une dynamique internationale inqui\u00e9tante, s\u2019exclame <a target=\"_blank\" href=\"https:\/\/ledjely.com\/2026\/01\/05\/nicolas-maduro-une-chute-qui-ne-devrait-pas-rejouir-en-afrique\/\" rel=\"nofollow noopener\">Ledjely<\/a> en Guin\u00e9e, marqu\u00e9e par l\u2019affaiblissement progressif du droit international et la remise en cause de principes longtemps consid\u00e9r\u00e9s comme intangibles, au premier rang desquels la souverainet\u00e9 des \u00c9tats et l\u2019inviolabilit\u00e9 des fronti\u00e8res. Apr\u00e8s l\u2019invasion de l\u2019Ukraine par la Russie, les frappes r\u00e9p\u00e9t\u00e9es d\u2019Isra\u00ebl en Iran, au Liban et en Syrie, ou encore d\u2019autres interventions militaires occidentales sans mandat clair, cette attaque men\u00e9e au Venezuela confirme l\u2019imposition d\u2019un nouvel ordre mondial fond\u00e9 moins sur le droit que sur le rapport de force, pointe encore le site guin\u00e9en. Autant dire, un nouvel ordre dans lequel des pays structurellement aussi fragiles que les pays africains auront de la peine \u00e0 faire entendre leur voix\u00a0\u00bb.<\/p>\n<p><a target=\"_blank\" href=\"https:\/\/www.maliweb.net\/editorial\/editorial-le-rapt-de-caracas-ou-le-triomphe-des-cow-boys-de-lapocalypse-3112701.html#google_vignette\" rel=\"nofollow noopener\">Maliweb<\/a> \u00e0 Bamako hausse le ton\u00a0: \u00ab\u00a0la capture de Nicolas Maduro n\u2019est pas une op\u00e9ration de justice : c\u2019est le retour du m\u00e9pris souverain, emball\u00e9 dans le papier glac\u00e9 d\u2019un h\u00e9ro\u00efsme de s\u00e9rie B hollywoodienne. (\u2026) Trump n\u2019a pas seulement captur\u00e9 un homme, poursuit le site malien ; il a captur\u00e9 la route du p\u00e9trole, \u00e9trangl\u00e9 les vell\u00e9it\u00e9s de Moscou en Am\u00e9rique latine et rappel\u00e9 \u00e0 tout le Sud Global une v\u00e9rit\u00e9 gla\u00e7ante : si vous n\u2019avez pas l\u2019arme nucl\u00e9aire pour sanctuariser votre palais, vous n\u2019\u00eates qu\u2019un locataire pr\u00e9caire de votre propre pays\u00a0\u00bb.<\/p>\n<p> \u00ab\u00a0Un aveu gla\u00e7ant pour les pays du Sud\u00a0\u00bb <\/p>\n<p>\u00ab\u00a0Ce qui s\u2019est jou\u00e9 \u00e0 Caracas n\u2019a rien \u00e0 voir avec les droits de l\u2019Homme, rench\u00e9rit <a target=\"_blank\" href=\"https:\/\/lepays.bf\/violation-du-droit-international-par-les-etats-unis-au-venezuela-lafrique-doit-elle-sen-inquieter\/\" rel=\"nofollow noopener\">Le Pays<\/a> au Burkina Faso, ni avec la lib\u00e9ration d\u2019un peuple opprim\u00e9, c\u2019est clairement une guerre d\u2019int\u00e9r\u00eats, nue et revendiqu\u00e9e.\u00a0En reconnaissant que le kidnapping de Maduro visait l\u2019acc\u00e8s au p\u00e9trole v\u00e9n\u00e9zu\u00e9lien, Donald Trump a lev\u00e9 toute ambigu\u00eft\u00e9. L\u2019aveu est brutal, presque obsc\u00e8ne, mais surtout gla\u00e7ant pour les pays du Sud, qui savent d\u00e9sormais que tout peut \u00eatre instrumentalis\u00e9 pour criminaliser leurs dirigeants et servir de pr\u00e9lude \u00e0 des intrusions muscl\u00e9es dans leurs affaires int\u00e9rieures.\u00a0(\u2026) Aujourd\u2019hui, c\u2019est le p\u00e9trole du Venezuela ; demain, le gaz, l\u2019or, l\u2019uranium ou le lithium africains pourraient devenir des casus belli\u00a0\u00bb.<\/p>\n<p>Alors, s\u2019interroge Le Pays, \u00ab\u00a0l\u2019Afrique doit-elle r\u00e9ellement s\u2019inqui\u00e9ter ? La r\u00e9ponse est non, du moins pas dans l\u2019imm\u00e9diat. (\u2026) Car aucun \u00c9tat africain n\u2019occupe aujourd\u2019hui la centralit\u00e9 g\u00e9opolitique du Venezuela, puissance p\u00e9troli\u00e8re strat\u00e9gique et adversaire historique des \u00c9tats-Unis, dans une r\u00e9gion que ces derniers consid\u00e8rent comme leur pr\u00e9-carr\u00e9\u00a0\u00bb.<\/p>\n<p> Le m\u00eame sc\u00e9nario dans un pays africain\u00a0? <\/p>\n<p><a target=\"_blank\" href=\"https:\/\/www.aujourd8.net\/operation-absolute-resolve-au-venezuela-vue-dafrique-le-mozambique-le-nigeria-encore-et-la-rdc-doivent-craindre\/\" rel=\"nofollow noopener\">Aujourd\u2019hui<\/a>, toujours au Burkina, n\u2019est pas d\u2019accord\u2026 \u00ab\u00a0Faut-il redouter de tels actes sur le continent ?\u00a0\u00bb Oui, r\u00e9pond le journal\u00a0: \u00ab\u00a0s\u2019il y a une r\u00e9gion qui pourrait subir les foudres de Trump, c\u2019est bien le Cap Delgado au Mozambique, gorg\u00e9 de p\u00e9trole et\u2026 de terroristes\u00a0\u00bb. Il y a aussi \u00ab\u00a0l\u2019est de la RDC, o\u00f9 Trump a personnellement supervis\u00e9 la signature d\u2019un Accord de paix le 4 d\u00e9cembre dernier, lequel accord est pi\u00e9tin\u00e9 par les bellig\u00e9rants. De quoi donner un argument valable au pr\u00e9sident am\u00e9ricain pour d\u00e9verser un d\u00e9luge de feu sur la r\u00e9gion. D\u2019autant que cet accord de paix est assorti de juteux contrats pour les \u00c9tats-Unis pour exploiter le sous-sol de l\u2019est de la RDC, gorg\u00e9 de pierres pr\u00e9cieuses et terres rares !\u00a0\u00bb<\/p>\n<p><a target=\"_blank\" href=\"https:\/\/www.lobservateur.bf\/index.php?option=com_k2&amp;view=item&amp;id=7674:capture-du-pr\u00e9sident-v\u00e9n\u00e9zu\u00e9lien-par-les-usa-or-noir,-sombres-desseins&amp;Itemid=112\" rel=\"nofollow noopener\">L\u2019Observateur Paalga<\/a> insiste\u00a0: \u00ab\u00a0apr\u00e8s Nicolas Maduro, \u00e0 qui le tour ? Car Donald Trump avec sa politique MAGA, Make America Great Again, n\u2019a certainement pas dit son dernier mot\u00a0\u00bb.<\/p>\n<p> Silence prudent\u2026 <\/p>\n<p>Enfin, du c\u00f4t\u00e9 des dirigeants africains, on reste plut\u00f4t discret\u2026<\/p>\n<p>D\u2019apr\u00e8s <a target=\"_blank\" href=\"https:\/\/lanouvelletribune.info\/2026\/01\/capture-de-maduro-par-les-usa-quatre-pays-africains-condamnent-officiellement\/\" rel=\"nofollow noopener\">La Nouvelle Tribune<\/a> \u00e0 Cotonou, seuls 4 pays ont officiellement condamn\u00e9 ce coup de force\u00a0: l\u2019Afrique du Sud, la Namibie, le Mali et le Burkina Faso. Partout ailleurs, prudence, donc\u2026<\/p>\n<p>Attention, pr\u00e9vient Walf Quotidien \u00e0 Dakar\u00a0: \u00ab\u00a0si le Sud global accepte ce pr\u00e9c\u00e9dent par silence, par peur ou par calcul, alors il accepte implicitement que la force prime sur la r\u00e8gle, que la puissance cr\u00e9e le droit, que la souverainet\u00e9 soit conditionnelle. Il ne s\u2019agit pas de d\u00e9fendre un homme. Il s\u2019agit de d\u00e9fendre une architecture juridique mondiale d\u00e9j\u00e0 fragile, mais encore debout. La lutte contre les dictatures ne peut pas se faire par la destruction du droit. Sinon, nous rempla\u00e7ons une oppression nationale par une domination globale\u00a0\u00bb.<\/p>\n","protected":false},"excerpt":{"rendered":"L\u2019enl\u00e8vement spectaculaire du pr\u00e9sident v\u00e9n\u00e9zu\u00e9lien par les forces sp\u00e9ciales am\u00e9ricaines est largement comment\u00e9 dans la presse du continent.&hellip;\n","protected":false},"author":2,"featured_media":4597,"comment_status":"","ping_status":"","sticky":false,"template":"","format":"standard","meta":{"footnotes":""},"categories":[62],"tags":[64,750,3625,741,3624,3623,742],"class_list":{"0":"post-4596","1":"post","2":"type-post","3":"status-publish","4":"format-standard","5":"has-post-thumbnail","7":"category-afrique","8":"tag-afrique","9":"tag-donald-trump","10":"tag-etats-unis","11":"tag-nicolas-maduro","12":"tag-revue-de-presse","13":"tag-revue-de-presse-afrique","14":"tag-venezuela"},"share_on_mastodon":{"url":"","error":""},"_links":{"self":[{"href":"https:\/\/www.europesays.com\/africa\/wp-json\/wp\/v2\/posts\/4596","targetHints":{"allow":["GET"]}}],"collection":[{"href":"https:\/\/www.europesays.com\/africa\/wp-json\/wp\/v2\/posts"}],"about":[{"href":"https:\/\/www.europesays.com\/africa\/wp-json\/wp\/v2\/types\/post"}],"author":[{"embeddable":true,"href":"https:\/\/www.europesays.com\/africa\/wp-json\/wp\/v2\/users\/2"}],"replies":[{"embeddable":true,"href":"https:\/\/www.europesays.com\/africa\/wp-json\/wp\/v2\/comments?post=4596"}],"version-history":[{"count":0,"href":"https:\/\/www.europesays.com\/africa\/wp-json\/wp\/v2\/posts\/4596\/revisions"}],"wp:featuredmedia":[{"embeddable":true,"href":"https:\/\/www.europesays.com\/africa\/wp-json\/wp\/v2\/media\/4597"}],"wp:attachment":[{"href":"https:\/\/www.europesays.com\/africa\/wp-json\/wp\/v2\/media?parent=4596"}],"wp:term":[{"taxonomy":"category","embeddable":true,"href":"https:\/\/www.europesays.com\/africa\/wp-json\/wp\/v2\/categories?post=4596"},{"taxonomy":"post_tag","embeddable":true,"href":"https:\/\/www.europesays.com\/africa\/wp-json\/wp\/v2\/tags?post=4596"}],"curies":[{"name":"wp","href":"https:\/\/api.w.org\/{rel}","templated":true}]}}