{"id":4600,"date":"2026-01-05T08:50:08","date_gmt":"2026-01-05T08:50:08","guid":{"rendered":"https:\/\/www.europesays.com\/africa\/4600\/"},"modified":"2026-01-05T08:50:08","modified_gmt":"2026-01-05T08:50:08","slug":"inquietude-pour-lalgerie-un-taulier-forfait-face-a-la-rd-congo","status":"publish","type":"post","link":"https:\/\/www.europesays.com\/africa\/4600\/","title":{"rendered":"inqui\u00e9tude pour l&#8217;Alg\u00e9rie, un taulier forfait face \u00e0 la RD Congo ?"},"content":{"rendered":"<p>\u00c0 quelques heures du huiti\u00e8me de finale de la <a href=\"https:\/\/www.onzemondial.com\/selections\/can.html\" rel=\"nofollow noopener\" target=\"_blank\">CAN 2025<\/a> face \u00e0 la RD Congo, l\u2019Alg\u00e9rie avance dans un climat d\u2019incertitude grandissante, notamment autour de la situation de Rayan A\u00eft Nouri. Le lat\u00e9ral gauche, \u00e9l\u00e9ment cl\u00e9 du dispositif de Vladimir Petkovic, est fortement diminu\u00e9 par une grippe s\u00e9v\u00e8re qui compromet s\u00e9rieusement sa participation \u00e0 ce rendez-vous d\u00e9cisif.<\/p>\n<p>Comme l&#8217;explique la Gazette du Fennec, le lat\u00e9ral alg\u00e9rien, absent des entra\u00eenements depuis samedi, le joueur de Manchester City a \u00e9t\u00e9 plac\u00e9 au repos complet sur d\u00e9cision du staff m\u00e9dical. Affaibli, fi\u00e9vreux et victime d\u2019une grande fatigue, A\u00eft Nouri a m\u00eame \u00e9t\u00e9 \u00e9vacu\u00e9 vers un \u00e9tablissement hospitalier pour des examens approfondis. Un protocole de soins intensifs lui a \u00e9t\u00e9 prescrit, incluant quarante-huit heures de repos strict, ce qui explique son absence prolong\u00e9e lors des s\u00e9ances collectives, y compris celle de mise en place tactique \u00e0 huis clos.<\/p>\n<p>A lire aussi :Verdict final ce lundi<\/p>\n<p>Si une pr\u00e9sence lors de l\u2019ultime entra\u00eenement de lundi reste envisag\u00e9e, les signaux envoy\u00e9s par le staff sont prudents. Le temps joue contre l\u2019international alg\u00e9rien et, \u00e0 deux jours d\u2019un match couperet, son \u00e9tat physique suscite une r\u00e9elle inqui\u00e9tude. En interne, l\u2019optimisme est mesur\u00e9 et l\u2019hypoth\u00e8se d\u2019un forfait n\u2019est plus \u00e9cart\u00e9e.<\/p>\n<p>Cette situation fragilise davantage une d\u00e9fense d\u00e9j\u00e0 d\u00e9cim\u00e9e. Jaouen Hadjam et Samir Chergui, bless\u00e9s lors de la phase de groupes, poursuivent toujours leur r\u00e9\u00e9ducation et restent indisponibles. Mohamed-Amine Touga\u00ef, bien que de retour \u00e0 l\u2019entra\u00eenement, n\u2019est pas encore op\u00e9rationnel pour la comp\u00e9tition. R\u00e9sultat : Vladimir Petkovic se retrouve avec des options tr\u00e8s limit\u00e9es sur le flanc gauche, Mehdi Dorval \u00e9tant le seul sp\u00e9cialiste valide \u00e0 ce poste.<\/p>\n<p>   Partagez cette info avec vos amis et vos proches en cliquant ici<br \/> Pour r\u00e9sumer<\/p>\n<p>\u00c0 la veille du huiti\u00e8me de finale de la CAN 2025 face \u00e0 la RD Congo, l\u2019Alg\u00e9rie est inqui\u00e8te pour Rayan A\u00eft Nouri. Touch\u00e9 par une grippe s\u00e9v\u00e8re, le lat\u00e9ral gauche est absent des entra\u00eenements et demeure incertain, fragilisant une d\u00e9fense d\u00e9j\u00e0 d\u00e9cim\u00e9e.<\/p>\n<p>R\u00e9dacteur<\/p>\n<p><img decoding=\"async\" width=\"76\" height=\"76\" loading=\"lazy\" src=\"https:\/\/www.europesays.com\/africa\/wp-content\/uploads\/2026\/01\/logo-julien-pedebos.jpg\" alt=\"Julien P\u00e9debos\"\/><\/p>\n","protected":false},"excerpt":{"rendered":"\u00c0 quelques heures du huiti\u00e8me de finale de la CAN 2025 face \u00e0 la RD Congo, l\u2019Alg\u00e9rie avance&hellip;\n","protected":false},"author":2,"featured_media":4601,"comment_status":"","ping_status":"","sticky":false,"template":"","format":"standard","meta":{"footnotes":""},"categories":[254],"tags":[255,360],"class_list":{"0":"post-4600","1":"post","2":"type-post","3":"status-publish","4":"format-standard","5":"has-post-thumbnail","7":"category-algerie","8":"tag-algerie","9":"tag-can"},"share_on_mastodon":{"url":"","error":""},"_links":{"self":[{"href":"https:\/\/www.europesays.com\/africa\/wp-json\/wp\/v2\/posts\/4600","targetHints":{"allow":["GET"]}}],"collection":[{"href":"https:\/\/www.europesays.com\/africa\/wp-json\/wp\/v2\/posts"}],"about":[{"href":"https:\/\/www.europesays.com\/africa\/wp-json\/wp\/v2\/types\/post"}],"author":[{"embeddable":true,"href":"https:\/\/www.europesays.com\/africa\/wp-json\/wp\/v2\/users\/2"}],"replies":[{"embeddable":true,"href":"https:\/\/www.europesays.com\/africa\/wp-json\/wp\/v2\/comments?post=4600"}],"version-history":[{"count":0,"href":"https:\/\/www.europesays.com\/africa\/wp-json\/wp\/v2\/posts\/4600\/revisions"}],"wp:featuredmedia":[{"embeddable":true,"href":"https:\/\/www.europesays.com\/africa\/wp-json\/wp\/v2\/media\/4601"}],"wp:attachment":[{"href":"https:\/\/www.europesays.com\/africa\/wp-json\/wp\/v2\/media?parent=4600"}],"wp:term":[{"taxonomy":"category","embeddable":true,"href":"https:\/\/www.europesays.com\/africa\/wp-json\/wp\/v2\/categories?post=4600"},{"taxonomy":"post_tag","embeddable":true,"href":"https:\/\/www.europesays.com\/africa\/wp-json\/wp\/v2\/tags?post=4600"}],"curies":[{"name":"wp","href":"https:\/\/api.w.org\/{rel}","templated":true}]}}