{"id":4623,"date":"2026-01-05T09:02:08","date_gmt":"2026-01-05T09:02:08","guid":{"rendered":"https:\/\/www.europesays.com\/africa\/4623\/"},"modified":"2026-01-05T09:02:08","modified_gmt":"2026-01-05T09:02:08","slug":"le-cameroun-bat-lafrique-du-sud-2-1-et-passe-en-8e-de-finale","status":"publish","type":"post","link":"https:\/\/www.europesays.com\/africa\/4623\/","title":{"rendered":"le Cameroun bat l&#8217;Afrique du Sud 2-1 et passe en 8e de finale"},"content":{"rendered":"<p>&#13;<br \/>\n                        CAN-2025 : le Cameroun bat l&#8217;Afrique du Sud 2-1 et passe en 8e de finale&#13;\n                    <\/p>\n<p style=\"text-align:\">Le Cameroun s&#8217;est qualifi\u00e9 pour les quarts de finale de la Coupe d&#8217;Afrique des nations 2025 apr\u00e8s sa victoire 2-1 sur l&#8217;Afrique du Sud dimanche 4 janvier en huiti\u00e8mes.<\/p>\n<p><a href=\"https:\/\/lecourrier.vn\/can-2025-le-maroc-se-qualifie-sans-trembler-face-a-la-zambie\/1308408.html\" title=\"CAN-2025 : le Maroc se qualifie sans trembler face \u00e0 la Zambie\" rel=\"nofollow noopener\" target=\"_blank\">&gt;&gt; CAN-2025 : le Maroc se qualifie sans trembler face \u00e0 la Zambie<\/a><\/p>\n<p><a href=\"https:\/\/lecourrier.vn\/can-2025-sans-convaincre-la-tunisie-rejoint-le-nigeria-en-8e-de-finale\/1308503.html\" title=\"CAN-2025 : sans convaincre, la Tunisie rejoint le Nigeria en 8&lt;sup&gt;e&lt;\/sup&gt; de finale\" rel=\"nofollow noopener\" target=\"_blank\">&gt;&gt; CAN-2025 : sans convaincre, la Tunisie rejoint le Nigeria en 8e de finale<\/a><\/p>\n<p><a href=\"https:\/\/lecourrier.vn\/can-2025-le-mali-bat-la-tunisie-au-bout-du-suspense-et-rejoint-le-senegal-en-quart\/1308661.html\" title=\"CAN-2025 : le Mali bat la Tunisie au bout du suspense et rejoint le S\u00e9n\u00e9gal en quart\" rel=\"nofollow noopener\" target=\"_blank\">&gt;&gt; CAN-2025 : le Mali bat la Tunisie au bout du suspense et rejoint le S\u00e9n\u00e9gal en quart<\/a><\/p>\n<p><img decoding=\"async\" class=\"lazyload\" src=\"https:\/\/www.europesays.com\/africa\/wp-content\/uploads\/2026\/01\/135812-6d1750d2-a1d8-4920-b724-d3dc0e1b2301.jpeg\" alt=\"\"\/>La joie du Camerounais Christian Kofane.Photo : AFP\/VNA\/CVN<\/p>\n<p style=\"text-align:left\">Les &#8220;Lions indomptables&#8221; montent en puissance au fil du tournoi, \u00e0 l&#8217;image  de leur rencontre face aux &#8220;Bafana Bafana&#8221; o\u00f9 malmen\u00e9s pendant une  mi-temps, ils se sont finalement impos\u00e9s avec autorit\u00e9.<\/p>\n<p style=\"text-align:left\">Le lat\u00e9ral Junior Tchamadeu, 22 ans, a ouvert le score contre le cours du  jeu apr\u00e8s une frappe contr\u00e9e de Carlos Baleba derri\u00e8re un corner (1-0,  34e).<\/p>\n<p style=\"text-align:left\">Christian Kofane, 19 ans, a doubl\u00e9 la mise de la t\u00eate en tout d\u00e9but de  seconde p\u00e9riode apr\u00e8s un centre parfait de Mahamadou Nagida, rentr\u00e9 en jeu  lors du premier acte \u00e0 la place du Lorientais Darlin Yongwa, bless\u00e9 (2-0,  47e).<\/p>\n<p style=\"text-align:left\">Apr\u00e8s la jeunesse des buteurs, c&#8217;est l&#8217;exp\u00e9rience de leur gardien du but  D\u00e9vis Epassy, seul trentenaire de l&#8217;\u00e9quipe au coup d&#8217;envoi, qui a repouss\u00e9  par deux fois les assauts sud-africains (62e, 69e). Epassy, 32 ans, n&#8217;a rien pu en revanche en tout fin de match lorsque  Evidence Makgopa a repris \u00e0 bout portant un centre d&#8217;Aubrey Modiba (2-1,  88e).<\/p>\n<p style=\"text-align:right\">APS\/VNA\/CVN<\/p>\n","protected":false},"excerpt":{"rendered":"&#13; CAN-2025 : le Cameroun bat l&#8217;Afrique du Sud 2-1 et passe en 8e de finale&#13; Le Cameroun&hellip;\n","protected":false},"author":2,"featured_media":4624,"comment_status":"","ping_status":"","sticky":false,"template":"","format":"standard","meta":{"footnotes":""},"categories":[62],"tags":[3644,64,356,3643,381,179],"class_list":{"0":"post-4623","1":"post","2":"type-post","3":"status-publish","4":"format-standard","5":"has-post-thumbnail","7":"category-afrique","8":"tag-8e-de-finale","9":"tag-afrique","10":"tag-afrique-du-sud","11":"tag-bat","12":"tag-cameroun","13":"tag-can-2025"},"share_on_mastodon":{"url":"","error":""},"_links":{"self":[{"href":"https:\/\/www.europesays.com\/africa\/wp-json\/wp\/v2\/posts\/4623","targetHints":{"allow":["GET"]}}],"collection":[{"href":"https:\/\/www.europesays.com\/africa\/wp-json\/wp\/v2\/posts"}],"about":[{"href":"https:\/\/www.europesays.com\/africa\/wp-json\/wp\/v2\/types\/post"}],"author":[{"embeddable":true,"href":"https:\/\/www.europesays.com\/africa\/wp-json\/wp\/v2\/users\/2"}],"replies":[{"embeddable":true,"href":"https:\/\/www.europesays.com\/africa\/wp-json\/wp\/v2\/comments?post=4623"}],"version-history":[{"count":0,"href":"https:\/\/www.europesays.com\/africa\/wp-json\/wp\/v2\/posts\/4623\/revisions"}],"wp:featuredmedia":[{"embeddable":true,"href":"https:\/\/www.europesays.com\/africa\/wp-json\/wp\/v2\/media\/4624"}],"wp:attachment":[{"href":"https:\/\/www.europesays.com\/africa\/wp-json\/wp\/v2\/media?parent=4623"}],"wp:term":[{"taxonomy":"category","embeddable":true,"href":"https:\/\/www.europesays.com\/africa\/wp-json\/wp\/v2\/categories?post=4623"},{"taxonomy":"post_tag","embeddable":true,"href":"https:\/\/www.europesays.com\/africa\/wp-json\/wp\/v2\/tags?post=4623"}],"curies":[{"name":"wp","href":"https:\/\/api.w.org\/{rel}","templated":true}]}}