{"id":4628,"date":"2026-01-05T09:05:10","date_gmt":"2026-01-05T09:05:10","guid":{"rendered":"https:\/\/www.europesays.com\/africa\/4628\/"},"modified":"2026-01-05T09:05:10","modified_gmt":"2026-01-05T09:05:10","slug":"de-nouvelles-tetes-vont-tomber-a-laprosi-et-a-la-chambre-de-commerce-de-ziguinchor","status":"publish","type":"post","link":"https:\/\/www.europesays.com\/africa\/4628\/","title":{"rendered":"De nouvelles t\u00eates vont tomber \u00e0 l&#8217;APROSI et \u00e0 la chambre de commerce de Ziguinchor"},"content":{"rendered":"<p>Les audits d\u00e9clench\u00e9s par le minist\u00e8re du Commerce et de l\u2019Industrie \u00e0 l\u2019Agence pour la promotion des sites industriels (Aprosi) et \u00e0 la Chambre de commerce, d\u2019Industrie et d\u2019Agriculture de Ziguinchor ont mis en \u00e9vidence de graves manquements dans la gestion financi\u00e8re de ces structures. Ces op\u00e9rations de contr\u00f4le ont \u00e9t\u00e9 engag\u00e9es \u00e0 la suite d\u2019accusations de malversations port\u00e9es contre leurs responsables respectifs.            <\/p>\n<p class=\"pread\" style=\"background: #fff6d3;font-size:17px !important;padding:0px 0 16px 0;border:none;font-family:'source-sans-pro' !important;color:#444 !important;\">\n<p>La suite est r\u00e9serv\u00e9e \u00e0 nos abonn\u00e9s.<br \/>D\u00e9j\u00e0 abonn\u00e9 ? <a href=\"https:\/\/www.senenews.com\/login?redirect_to=https:\/\/www.senenews.com\/premium\/carnage-financier-de-nouvelles-tetes-vont-tomber-a-laprosi-et-a-la-chambre-de-commerce-de-ziguinchor_571548.html\" style=\"text-decoration: underline !important;font-weight: bold;\" rel=\"nofollow noopener\" target=\"_blank\">Se connecter<\/a><\/p>\n<p>Profitez de 3 mois offerts<br \/>et acc\u00e9dez \u00e0 tous nos contenus<br \/>sans aucune publicit\u00e9<\/p>\n<p style=\"text-align:center;font-size:14px;font-family:'source-sans-pro'\">\n<a href=\"https:\/\/www.senenews.com\/rejoignez-senenews-premium-pour-soutenir-une-redaction-libre-et-independante\" style=\"text-decoration:none!important;border-bottom:1px solid\" rel=\"nofollow noopener\" target=\"_blank\">Pourquoi vous devez soutenir l\u2019initiative Senenews Premium?<\/a><\/p>\n","protected":false},"excerpt":{"rendered":"Les audits d\u00e9clench\u00e9s par le minist\u00e8re du Commerce et de l\u2019Industrie \u00e0 l\u2019Agence pour la promotion des sites&hellip;\n","protected":false},"author":2,"featured_media":4629,"comment_status":"","ping_status":"","sticky":false,"template":"","format":"standard","meta":{"footnotes":""},"categories":[48],"tags":[3645,161,159,163,239],"class_list":{"0":"post-4628","1":"post","2":"type-post","3":"status-publish","4":"format-standard","5":"has-post-thumbnail","7":"category-senegal","8":"tag-aprosi","9":"tag-articles-premium","10":"tag-senegal","11":"tag-senegal-actualites","12":"tag-societe"},"share_on_mastodon":{"url":"","error":""},"_links":{"self":[{"href":"https:\/\/www.europesays.com\/africa\/wp-json\/wp\/v2\/posts\/4628","targetHints":{"allow":["GET"]}}],"collection":[{"href":"https:\/\/www.europesays.com\/africa\/wp-json\/wp\/v2\/posts"}],"about":[{"href":"https:\/\/www.europesays.com\/africa\/wp-json\/wp\/v2\/types\/post"}],"author":[{"embeddable":true,"href":"https:\/\/www.europesays.com\/africa\/wp-json\/wp\/v2\/users\/2"}],"replies":[{"embeddable":true,"href":"https:\/\/www.europesays.com\/africa\/wp-json\/wp\/v2\/comments?post=4628"}],"version-history":[{"count":0,"href":"https:\/\/www.europesays.com\/africa\/wp-json\/wp\/v2\/posts\/4628\/revisions"}],"wp:featuredmedia":[{"embeddable":true,"href":"https:\/\/www.europesays.com\/africa\/wp-json\/wp\/v2\/media\/4629"}],"wp:attachment":[{"href":"https:\/\/www.europesays.com\/africa\/wp-json\/wp\/v2\/media?parent=4628"}],"wp:term":[{"taxonomy":"category","embeddable":true,"href":"https:\/\/www.europesays.com\/africa\/wp-json\/wp\/v2\/categories?post=4628"},{"taxonomy":"post_tag","embeddable":true,"href":"https:\/\/www.europesays.com\/africa\/wp-json\/wp\/v2\/tags?post=4628"}],"curies":[{"name":"wp","href":"https:\/\/api.w.org\/{rel}","templated":true}]}}