{"id":4654,"date":"2026-01-05T09:19:54","date_gmt":"2026-01-05T09:19:54","guid":{"rendered":"https:\/\/www.europesays.com\/africa\/4654\/"},"modified":"2026-01-05T09:19:54","modified_gmt":"2026-01-05T09:19:54","slug":"le-senegal-construit-un-lycee-moderne-a-passy-pour-former-davantage-de-jeunes-talents","status":"publish","type":"post","link":"https:\/\/www.europesays.com\/africa\/4654\/","title":{"rendered":"Le S\u00e9n\u00e9gal construit un lyc\u00e9e moderne \u00e0 Passy pour former davantage de jeunes talents"},"content":{"rendered":"<p class=\"texte textearticle\" style=\"text-align: justify;\">(Agence Ecofin) &#8211; Face \u00e0 la pression croissante sur le syst\u00e8me \u00e9ducatif et au d\u00e9ficit d\u2019infrastructures scolaires dans tout le pays, l\u2019\u00c9tat s\u00e9n\u00e9galais lance un projet ambitieux visant \u00e0 renforcer l\u2019offre de formation secondaire et \u00e0 mieux pr\u00e9parer les jeunes aux d\u00e9fis du march\u00e9 du travail.<\/p>\n<p class=\"texte textearticle\" style=\"text-align: justify;\">Le jeudi\u00a01\u1d49\u02b3 janvier, le Premier ministre Ousmane Sonko a pos\u00e9 la premi\u00e8re pierre d\u2019un lyc\u00e9e moderne \u00e0 Passy au S\u00e9n\u00e9gal. D\u2019un co\u00fbt de 3,54\u202fmilliards\u00a0FCFA (environ 6,3 millions de dollars), ce projet illustre la volont\u00e9 de l\u2019\u00c9tat de faciliter l\u2019acc\u00e8s \u00e0 une \u00e9ducation de qualit\u00e9 et de pr\u00e9parer les jeunes aux m\u00e9tiers de demain. La c\u00e9r\u00e9monie a rassembl\u00e9 des responsables minist\u00e9riels et des acteurs locaux.<\/p>\n<p class=\"texte textearticle\" style=\"text-align: justify;\">Selon les informations publi\u00e9es sur la page Facebook du minist\u00e8re de l\u2019\u00c9ducation nationale, le chantier s\u2019\u00e9tend sur 5 hectares et pourra accueillir 1500 \u00e9l\u00e8ves. L\u2019\u00e9tablissement comprendra 24 salles de classe, un b\u00e2timent administratif, un centre de documentation et d\u2019information (CDI), une salle informatique, des laboratoires, un amphith\u00e9\u00e2tre, un foyer-gymnase, une infirmerie, des terrains de sport et des blocs d\u2019hygi\u00e8ne.<\/p>\n<p class=\"texte textearticle\" style=\"text-align: justify;\">La construction respecte les principes bioclimatiques et int\u00e8gre les technologies de l\u2019information et de la communication, tout en garantissant l\u2019accessibilit\u00e9 universelle. Elle s\u2019inscrit dans le cadre du R\u00e9f\u00e9rentiel S\u00e9n\u00e9gal\u00a02050 et de la Strat\u00e9gie nationale de transformation syst\u00e9mique de l\u2019\u00e9ducation, alignant ainsi l\u2019enseignement sur les besoins du march\u00e9 du travail. Une coop\u00e9ration entre le minist\u00e8re de l\u2019\u00c9ducation nationale et le minist\u00e8re des Infrastructures est pr\u00e9vue pour assurer la qualit\u00e9 des constructions et le respect des d\u00e9lais.<\/p>\n<p class=\"texte textearticle\" style=\"text-align: justify;\">Cette initiative intervient alors que le S\u00e9n\u00e9gal doit faire face \u00e0 un d\u00e9ficit d\u2019environ 46\u202f632 salles de classe, selon le bilan\u00a02025 de la Direction des constructions scolaires (DCS). M\u00eame dans les zones d\u00e9j\u00e0 \u00e9quip\u00e9es, le manque d\u2019infrastructures de base, comme l\u2019\u00e9lectricit\u00e9 et l\u2019eau, limite l\u2019acc\u00e8s \u00e0 l\u2019\u00e9ducation et affecte la qualit\u00e9 de l\u2019enseignement. \u00c0 ces d\u00e9fis s\u2019ajoute le taux \u00e9lev\u00e9 d\u2019enfants hors du syst\u00e8me scolaire. D\u2019apr\u00e8s le rapport d\u2019\u00c9tat du syst\u00e8me \u00e9ducatif national (RESEN) publi\u00e9 en juin 2025, environ 38\u202f% des enfants s\u00e9n\u00e9galais \u00e2g\u00e9s de 6 \u00e0 16\u202fans ne sont pas scolaris\u00e9s.<\/p>\n<p class=\"texte textearticle\" style=\"text-align: justify;\">F\u00e9licien Houindo Lokossou<\/p>\n<p class=\"texte textearticle\" style=\"text-align: justify;\">\u00c9dit\u00e9 par Wilfried ASSOGBA\u00a0<\/p>\n<p class=\"texte textearticle\" style=\"text-align: justify;\">Lire aussi:<\/p>\n<p class=\"texte textearticle\" style=\"text-align: justify;\"><a href=\"https:\/\/www.agenceecofin.com\/actualites-services\/1711-133422-le-senegal-prevoit-1-75-milliard-de-dollars-pour-l-education-en-2026\" rel=\"nofollow noopener\" target=\"_blank\">17\/11\/2025\u00a0&#8211;\u00a0Le S\u00e9n\u00e9gal pr\u00e9voit 1,75 milliard de dollars pour l\u2019\u00e9ducation en 2026<\/a><\/p>\n","protected":false},"excerpt":{"rendered":"(Agence Ecofin) &#8211; Face \u00e0 la pression croissante sur le syst\u00e8me \u00e9ducatif et au d\u00e9ficit d\u2019infrastructures scolaires dans&hellip;\n","protected":false},"author":2,"featured_media":4655,"comment_status":"","ping_status":"","sticky":false,"template":"","format":"standard","meta":{"footnotes":""},"categories":[48],"tags":[3661,3662,1822,3665,1520,3664,159,3663,2121],"class_list":{"0":"post-4654","1":"post","2":"type-post","3":"status-publish","4":"format-standard","5":"has-post-thumbnail","7":"category-senegal","8":"tag-des","9":"tag-leducation","10":"tag-les","11":"tag-ministere","12":"tag-nationale","13":"tag-qualite","14":"tag-senegal","15":"tag-sur","16":"tag-une"},"share_on_mastodon":{"url":"","error":""},"_links":{"self":[{"href":"https:\/\/www.europesays.com\/africa\/wp-json\/wp\/v2\/posts\/4654","targetHints":{"allow":["GET"]}}],"collection":[{"href":"https:\/\/www.europesays.com\/africa\/wp-json\/wp\/v2\/posts"}],"about":[{"href":"https:\/\/www.europesays.com\/africa\/wp-json\/wp\/v2\/types\/post"}],"author":[{"embeddable":true,"href":"https:\/\/www.europesays.com\/africa\/wp-json\/wp\/v2\/users\/2"}],"replies":[{"embeddable":true,"href":"https:\/\/www.europesays.com\/africa\/wp-json\/wp\/v2\/comments?post=4654"}],"version-history":[{"count":0,"href":"https:\/\/www.europesays.com\/africa\/wp-json\/wp\/v2\/posts\/4654\/revisions"}],"wp:featuredmedia":[{"embeddable":true,"href":"https:\/\/www.europesays.com\/africa\/wp-json\/wp\/v2\/media\/4655"}],"wp:attachment":[{"href":"https:\/\/www.europesays.com\/africa\/wp-json\/wp\/v2\/media?parent=4654"}],"wp:term":[{"taxonomy":"category","embeddable":true,"href":"https:\/\/www.europesays.com\/africa\/wp-json\/wp\/v2\/categories?post=4654"},{"taxonomy":"post_tag","embeddable":true,"href":"https:\/\/www.europesays.com\/africa\/wp-json\/wp\/v2\/tags?post=4654"}],"curies":[{"name":"wp","href":"https:\/\/api.w.org\/{rel}","templated":true}]}}