{"id":4677,"date":"2026-01-05T09:34:08","date_gmt":"2026-01-05T09:34:08","guid":{"rendered":"https:\/\/www.europesays.com\/africa\/4677\/"},"modified":"2026-01-05T09:34:08","modified_gmt":"2026-01-05T09:34:08","slug":"senegal-des-antennes-satellites-annoncees-en-2026-pour-connecter-gratuitement-1-million-de-personnes","status":"publish","type":"post","link":"https:\/\/www.europesays.com\/africa\/4677\/","title":{"rendered":"S\u00e9n\u00e9gal : des antennes satellites annonc\u00e9es en 2026 pour connecter gratuitement 1 million de personnes"},"content":{"rendered":"<p style=\"text-align: justify;\">Selon GSMA, le S\u00e9n\u00e9gal affiche une couverture\u00a04G quasi g\u00e9n\u00e9ralis\u00e9e, atteignant 97\u00a0% de la population, et une 5G couvrant environ 39\u00a0%, principalement dans les grandes agglom\u00e9rations. Les zones rurales demeurent mal couvertes.<\/p>\n<p class=\"texte\" style=\"text-align: justify;\">Le S\u00e9n\u00e9gal acc\u00e9l\u00e8re sa marche vers la connectivit\u00e9 universelle. Lors de son message \u00e0 la nation le mercredi 31 d\u00e9cembre 2025, le pr\u00e9sident de la R\u00e9publique du S\u00e9n\u00e9gal, Bassirou Diomaye Faye a annonc\u00e9 un programme de d\u00e9ploiement d\u2019antennes satellitaires au cours de l\u2019ann\u00e9e\u00a02026. Cet investissement contribuera \u00e0 l\u2019acc\u00e8s gratuit \u00e0 Internet pour pr\u00e8s d\u2019un million de personnes, a-t-il d\u00e9clar\u00e9. La mesure devrait profiter en priorit\u00e9 aux zones rurales et aux quartiers p\u00e9riph\u00e9riques faiblement couverts par les r\u00e9seaux t\u00e9l\u00e9coms.<\/p>\n<p class=\"texte\" style=\"text-align: justify;\">Dans son \u00e9tude \u00ab\u2009Stimuler la transformation num\u00e9rique de l\u2019\u00e9conomie au S\u00e9n\u00e9gal. Opportunit\u00e9, recommandations politiques et r\u00f4le du mobile\u2009\u00bb,\u00a0d\u00e9voil\u00e9e le 5 d\u00e9cembre 2025, l\u2019Association mondiale des op\u00e9rateurs mobiles (GSMA) indique que le S\u00e9n\u00e9gal affiche une couverture\u00a04G quasi g\u00e9n\u00e9ralis\u00e9e, atteignant 97\u00a0% de la population, et une 5G couvrant environ 39\u00a0%, principalement dans les grandes agglom\u00e9rations. Sur une population d\u2019environ 18 millions d\u2019habitants, environ 9,9 millions de personnes utilisent des services mobiles, soit pr\u00e8s de 52\u00a0% de la population totale. Seuls 8,16 millions de S\u00e9n\u00e9galais utilisent l\u2019internet mobile haut d\u00e9bit, soit pr\u00e8s de 42\u00a0% de la population.<\/p>\n<p class=\"texte\" style=\"text-align: justify;\">Le choix d\u2019antennes satellite r\u00e9pond \u00e0 une contrainte simple : raccorder tout le territoire par fibre optique prend du temps et co\u00fbte cher. Les solutions r\u00e9centes, port\u00e9es par des constellations en orbite basse, promettent une mise en service plus rapide, y compris dans les zones difficiles d\u2019acc\u00e8s. Pour l\u2019instant, aucune pr\u00e9cision n\u2019a \u00e9t\u00e9 apport\u00e9e sur le mod\u00e8le d\u2019usage de ces antennes. Mais l\u2019impact r\u00e9el du service internet qu\u2019elles promettent laisse entrevoir plusieurs possibilit\u00e9s.<\/p>\n<p class=\"texte\" style=\"text-align: justify;\">Plusieurs gains en perspective<\/p>\n<p class=\"texte\" style=\"text-align: justify;\">Dans l\u2019\u00e9ducation, l\u2019enjeu est majeur. Un acc\u00e8s r\u00e9gulier peut donner aux enseignants des ressources actualis\u00e9es, faciliter les cours \u00e0 distance et offrir aux \u00e9l\u00e8ves des biblioth\u00e8ques num\u00e9riques et des exercices interactifs. Pour les \u00e9tudiants \u00e9loign\u00e9s des campus, la connexion devient un facteur de r\u00e9ussite autant qu\u2019un gain financier, en r\u00e9duisant la d\u00e9pendance aux cybercaf\u00e9s et aux forfaits.<\/p>\n<p class=\"texte\" style=\"text-align: justify;\">C\u00f4t\u00e9 sant\u00e9, la t\u00e9l\u00e9m\u00e9decine pourrait gagner du terrain : t\u00e9l\u00e9-expertise entre postes de sant\u00e9 et h\u00f4pitaux, transmission plus rapide de dossiers, suivi de patients chroniques et formation continue du personnel. Dans les zones enclav\u00e9es, l\u2019internet devient aussi un outil d\u2019alerte et de coordination, utile en cas d\u2019\u00e9pid\u00e9mie ou d\u2019urgence.<\/p>\n<p class=\"texte\" style=\"text-align: justify;\">L\u2019enjeu est aussi \u00e9conomique. Pour les micro-entrepreneurs, l\u2019acc\u00e8s gratuit ouvre la porte au commerce en ligne, aux paiements num\u00e9riques, au marketing via les r\u00e9seaux sociaux et \u00e0 l\u2019information sur les prix agricoles ou les opportunit\u00e9s de march\u00e9. Les administrations y voient un acc\u00e9l\u00e9rateur de la d\u00e9mat\u00e9rialisation : \u00e9tat civil, d\u00e9marches sociales, informations fiscales, alertes et communication de proximit\u00e9.<\/p>\n<p class=\"texte\" style=\"text-align: justify;\">Lire aussi:<\/p>\n<p class=\"texte\" style=\"text-align: justify;\"><a href=\"https:\/\/www.wearetech.africa\/fr\/fils\/actualites\/telecom\/les-operateurs-telecoms-africains-s-entendent-pour-des-smartphones-de-qualite-a-30-40\" rel=\"nofollow noopener\" target=\"_blank\">Les op\u00e9rateurs t\u00e9l\u00e9coms africains s\u2019entendent pour des smartphones de qualit\u00e9 \u00e0 30-40$<\/a><\/p>\n","protected":false},"excerpt":{"rendered":"Selon GSMA, le S\u00e9n\u00e9gal affiche une couverture\u00a04G quasi g\u00e9n\u00e9ralis\u00e9e, atteignant 97\u00a0% de la population, et une 5G couvrant&hellip;\n","protected":false},"author":2,"featured_media":4678,"comment_status":"","ping_status":"","sticky":false,"template":"","format":"standard","meta":{"footnotes":""},"categories":[48],"tags":[1863,3661,1822,1752,1821,159,2121,3687],"class_list":{"0":"post-4677","1":"post","2":"type-post","3":"status-publish","4":"format-standard","5":"has-post-thumbnail","7":"category-senegal","8":"tag-aux","9":"tag-des","10":"tag-les","11":"tag-population","12":"tag-pour","13":"tag-senegal","14":"tag-une","15":"tag-zones"},"share_on_mastodon":{"url":"","error":""},"_links":{"self":[{"href":"https:\/\/www.europesays.com\/africa\/wp-json\/wp\/v2\/posts\/4677","targetHints":{"allow":["GET"]}}],"collection":[{"href":"https:\/\/www.europesays.com\/africa\/wp-json\/wp\/v2\/posts"}],"about":[{"href":"https:\/\/www.europesays.com\/africa\/wp-json\/wp\/v2\/types\/post"}],"author":[{"embeddable":true,"href":"https:\/\/www.europesays.com\/africa\/wp-json\/wp\/v2\/users\/2"}],"replies":[{"embeddable":true,"href":"https:\/\/www.europesays.com\/africa\/wp-json\/wp\/v2\/comments?post=4677"}],"version-history":[{"count":0,"href":"https:\/\/www.europesays.com\/africa\/wp-json\/wp\/v2\/posts\/4677\/revisions"}],"wp:featuredmedia":[{"embeddable":true,"href":"https:\/\/www.europesays.com\/africa\/wp-json\/wp\/v2\/media\/4678"}],"wp:attachment":[{"href":"https:\/\/www.europesays.com\/africa\/wp-json\/wp\/v2\/media?parent=4677"}],"wp:term":[{"taxonomy":"category","embeddable":true,"href":"https:\/\/www.europesays.com\/africa\/wp-json\/wp\/v2\/categories?post=4677"},{"taxonomy":"post_tag","embeddable":true,"href":"https:\/\/www.europesays.com\/africa\/wp-json\/wp\/v2\/tags?post=4677"}],"curies":[{"name":"wp","href":"https:\/\/api.w.org\/{rel}","templated":true}]}}