{"id":4727,"date":"2026-01-05T10:00:12","date_gmt":"2026-01-05T10:00:12","guid":{"rendered":"https:\/\/www.europesays.com\/africa\/4727\/"},"modified":"2026-01-05T10:00:12","modified_gmt":"2026-01-05T10:00:12","slug":"afrique-du-sud-1-2-cameroun-les-lions-indomptables-ont-les-crocs-le-maroc-est-prevenu-video-sports","status":"publish","type":"post","link":"https:\/\/www.europesays.com\/africa\/4727\/","title":{"rendered":"Afrique du Sud 1-2 Cameroun : les Lions Indomptables ont les crocs, le Maroc est pr\u00e9venu ! vid\u00e9o : Sports"},"content":{"rendered":"<p>\n                                            S\u00e9duisant depuis le d\u00e9but de la CAN, le Cameroun a confirm\u00e9 en battant une nation toujours difficile \u00e0 manoeuvrer, l&#8217;Afrique du Sud (1-2) en huiti\u00e8me de finale, ce dimanche. Les Lions Indomptables seront oppos\u00e9s au Maroc lors du prochain tour. Les hommes de Walid Regragui vont devoir \u00eatre immenses pour sortir une s\u00e9lection dont on n&#8217;attendait pas grand chose avant la comp\u00e9tition. Et qui a &#8211; pour le moment &#8211; \u00e9bloui tous les observateurs durant cette Coupe d&#8217;Afrique.\u00a0\u00a0\n                                    <\/p>\n<p>Vid\u00e9o suivante dans 5 secondes<\/p>\n","protected":false},"excerpt":{"rendered":"S\u00e9duisant depuis le d\u00e9but de la CAN, le Cameroun a confirm\u00e9 en battant une nation toujours difficile \u00e0&hellip;\n","protected":false},"author":2,"featured_media":4728,"comment_status":"","ping_status":"","sticky":false,"template":"","format":"standard","meta":{"footnotes":""},"categories":[62],"tags":[64,3715,381,360,940,311,158],"class_list":{"0":"post-4727","1":"post","2":"type-post","3":"status-publish","4":"format-standard","5":"has-post-thumbnail","7":"category-afrique","8":"tag-afrique","9":"tag-after-foot","10":"tag-cameroun","11":"tag-can","12":"tag-coupe-dafrique-des-nations","13":"tag-football","14":"tag-maroc"},"share_on_mastodon":{"url":"","error":""},"_links":{"self":[{"href":"https:\/\/www.europesays.com\/africa\/wp-json\/wp\/v2\/posts\/4727","targetHints":{"allow":["GET"]}}],"collection":[{"href":"https:\/\/www.europesays.com\/africa\/wp-json\/wp\/v2\/posts"}],"about":[{"href":"https:\/\/www.europesays.com\/africa\/wp-json\/wp\/v2\/types\/post"}],"author":[{"embeddable":true,"href":"https:\/\/www.europesays.com\/africa\/wp-json\/wp\/v2\/users\/2"}],"replies":[{"embeddable":true,"href":"https:\/\/www.europesays.com\/africa\/wp-json\/wp\/v2\/comments?post=4727"}],"version-history":[{"count":0,"href":"https:\/\/www.europesays.com\/africa\/wp-json\/wp\/v2\/posts\/4727\/revisions"}],"wp:featuredmedia":[{"embeddable":true,"href":"https:\/\/www.europesays.com\/africa\/wp-json\/wp\/v2\/media\/4728"}],"wp:attachment":[{"href":"https:\/\/www.europesays.com\/africa\/wp-json\/wp\/v2\/media?parent=4727"}],"wp:term":[{"taxonomy":"category","embeddable":true,"href":"https:\/\/www.europesays.com\/africa\/wp-json\/wp\/v2\/categories?post=4727"},{"taxonomy":"post_tag","embeddable":true,"href":"https:\/\/www.europesays.com\/africa\/wp-json\/wp\/v2\/tags?post=4727"}],"curies":[{"name":"wp","href":"https:\/\/api.w.org\/{rel}","templated":true}]}}