{"id":4733,"date":"2026-01-05T10:03:08","date_gmt":"2026-01-05T10:03:08","guid":{"rendered":"https:\/\/www.europesays.com\/africa\/4733\/"},"modified":"2026-01-05T10:03:08","modified_gmt":"2026-01-05T10:03:08","slug":"drame-pour-une-supportrice-du-senegal-le-coach-du-cameroun-met-la-pression-sur-le-maroc","status":"publish","type":"post","link":"https:\/\/www.europesays.com\/africa\/4733\/","title":{"rendered":"drame pour une supportrice du S\u00e9n\u00e9gal, le coach du Cameroun met la pression sur le Maroc"},"content":{"rendered":"<p>La CAN 2025 est marqu\u00e9e par la trag\u00e9die ces derni\u00e8res heures. Alors que les Lions de la Teranga du S\u00e9n\u00e9gal venaient de se qualifier difficilement pour les quarts de finale face au Soudan (3-1), le football s\u00e9n\u00e9galais est frapp\u00e9 par un drame : une supportrice, A\u00efda Faye Samb, a perdu la vie samedi dans un accident de la route sur l\u2019axe Rabat-K\u00e9nitra en se rendant au stade Ibn-Batouta de Tanger pour encourager son \u00e9quipe.<\/p>\n<p>La F\u00e9d\u00e9ration s\u00e9n\u00e9galaise de football (FSF) a exprim\u00e9 sa \u201cprofonde douleur\u201d et pr\u00e9sent\u00e9 ses condol\u00e9ances \u00e0 la famille, aux proches et \u00e0 l\u2019ensemble de la famille du football s\u00e9n\u00e9galais. Ce deuil vient s\u2019ajouter \u00e0 la pression sportive, alors que le S\u00e9n\u00e9gal retrouvera le Mali en quart ce vendredi, avec le retour attendu de son capitaine Kalidou Koulibaly, suspendu face au Soudan.<\/p>\n<p>A lire aussi :Pagou annonce, le Maroc est grand favori<\/p>\n<p>Du c\u00f4t\u00e9 du Cameroun, la qualification face \u00e0 l\u2019Afrique du Sud (2-1) a \u00e9t\u00e9 laborieuse mais r\u00e9v\u00e9latrice d\u2019une \u00e9quipe en progr\u00e8s mental. Le s\u00e9lectionneur David Pagou a insist\u00e9 sur la force mentale de ses joueurs : \u00ab On est sur la bonne voie. On a souffert mais les gar\u00e7ons ont montr\u00e9 une force mentale \u00e9norme. Le football se joue au mental. Pour battre l\u2019Afrique du Sud, il fallait un mental d\u2019acier. \u00bb Le technicien a \u00e9galement reconnu la chance dans cette victoire : \u00ab On appelle \u00e7a la Baraka\u2026 Pour marquer un but, il faut que l\u2019adversaire commette des erreurs. \u00bb<\/p>\n<p>\u00c0 l\u2019aube du choc contre le Maroc, Pagou ne se dit pas favori : \u00ab Le favori naturel, c\u2019est le Maroc. Stade plein, rouge et vert\u2026 mais on viendra avec nos forces. \u00bb Le Cameroun mise sur un collectif solide, un Carlos Baleba en progression et le leadership de Nouhou Tolo. Entre humilit\u00e9 et d\u00e9termination, le s\u00e9lectionneur affiche sa foi et pr\u00e9pare ses Lions Indomptables \u00e0 un quart de finale o\u00f9 la pression sera maximale.<\/p>\n<p>   Partagez cette info avec vos amis et vos proches en cliquant ici<br \/> Pour r\u00e9sumer<\/p>\n<p>Une supportrice s\u00e9n\u00e9galaise, A\u00efda Faye Samb, est morte en route pour soutenir son \u00e9quipe. Le S\u00e9n\u00e9gal affrontera le Mali en quart. Du c\u00f4t\u00e9 du Cameroun, David Pagou met la pression sur le Maroc : \u00ab Le favori, c\u2019est le Maroc, mais on jouera avec nos forces. \u00bb<\/p>\n<p>R\u00e9dacteur<\/p>\n<p><img decoding=\"async\" width=\"76\" height=\"76\" loading=\"lazy\" src=\"https:\/\/www.europesays.com\/africa\/wp-content\/uploads\/2026\/01\/logo-julien-pedebos.jpg\" alt=\"Julien P\u00e9debos\"\/><\/p>\n","protected":false},"excerpt":{"rendered":"La CAN 2025 est marqu\u00e9e par la trag\u00e9die ces derni\u00e8res heures. Alors que les Lions de la Teranga&hellip;\n","protected":false},"author":2,"featured_media":4734,"comment_status":"","ping_status":"","sticky":false,"template":"","format":"standard","meta":{"footnotes":""},"categories":[48],"tags":[360,159],"class_list":{"0":"post-4733","1":"post","2":"type-post","3":"status-publish","4":"format-standard","5":"has-post-thumbnail","7":"category-senegal","8":"tag-can","9":"tag-senegal"},"share_on_mastodon":{"url":"","error":""},"_links":{"self":[{"href":"https:\/\/www.europesays.com\/africa\/wp-json\/wp\/v2\/posts\/4733","targetHints":{"allow":["GET"]}}],"collection":[{"href":"https:\/\/www.europesays.com\/africa\/wp-json\/wp\/v2\/posts"}],"about":[{"href":"https:\/\/www.europesays.com\/africa\/wp-json\/wp\/v2\/types\/post"}],"author":[{"embeddable":true,"href":"https:\/\/www.europesays.com\/africa\/wp-json\/wp\/v2\/users\/2"}],"replies":[{"embeddable":true,"href":"https:\/\/www.europesays.com\/africa\/wp-json\/wp\/v2\/comments?post=4733"}],"version-history":[{"count":0,"href":"https:\/\/www.europesays.com\/africa\/wp-json\/wp\/v2\/posts\/4733\/revisions"}],"wp:featuredmedia":[{"embeddable":true,"href":"https:\/\/www.europesays.com\/africa\/wp-json\/wp\/v2\/media\/4734"}],"wp:attachment":[{"href":"https:\/\/www.europesays.com\/africa\/wp-json\/wp\/v2\/media?parent=4733"}],"wp:term":[{"taxonomy":"category","embeddable":true,"href":"https:\/\/www.europesays.com\/africa\/wp-json\/wp\/v2\/categories?post=4733"},{"taxonomy":"post_tag","embeddable":true,"href":"https:\/\/www.europesays.com\/africa\/wp-json\/wp\/v2\/tags?post=4733"}],"curies":[{"name":"wp","href":"https:\/\/api.w.org\/{rel}","templated":true}]}}