{"id":4759,"date":"2026-01-05T10:19:06","date_gmt":"2026-01-05T10:19:06","guid":{"rendered":"https:\/\/www.europesays.com\/africa\/4759\/"},"modified":"2026-01-05T10:19:06","modified_gmt":"2026-01-05T10:19:06","slug":"le-deschamps-marocain-walid-regragui-tres-critique-malgre-la-qualification-du-maroc","status":"publish","type":"post","link":"https:\/\/www.europesays.com\/africa\/4759\/","title":{"rendered":"&#8220;Le Deschamps marocain&#8221; : Walid Regragui tr\u00e8s critiqu\u00e9 malgr\u00e9 la qualification du Maroc"},"content":{"rendered":"<p>Pour Ryad, autre intervenant de l\u2019After CAN, la critique doit rester mesur\u00e9e. Il insiste sur le poids de l\u2019environnement.<\/p>\n<p>\u00ab\u00a0Je veux parler de tout l\u2019environnement autour et je pense que c\u2019est vraiment minimis\u00e9. Quand on parle du Maroc comme grand favori, \u00e7a peut s\u2019entendre mais n\u2019oublions pas que le Maroc n\u2019a jamais \u00e9t\u00e9 un favori, c\u2019est un outsider am\u00e9lior\u00e9 puisqu\u2019on joue \u00e0 domicile. Passer les huiti\u00e8mes de finale, ce n\u2019est pas un exploit mais on n\u2019a plus l\u2019habitude. On a \u00e9chou\u00e9 aux portes des quarts de finale plusieurs fois contre des pays soi-disant inf\u00e9rieurs \u00e0 nous\u00a0\u00bb, a-t-il fait savoir.<\/p>\n<p>Selon Ryad, la s\u00e9lection porte un fardeau qui d\u00e9passe le rectangle vert.<\/p>\n<p>\u00ab\u00a0La pression est \u00e9norme et elle n\u2019est pas uniquement sportive. On demande aux joueurs d\u2019\u00eatre les garants des investissements que le Maroc fait au niveau des infrastructures et c\u2019est quelque chose d\u2019injuste. Cette \u00e9quipe peut \u00eatre uniquement un catalyseur de toute cette vision strat\u00e9gique port\u00e9e par le roi du Maroc mais \u00e7a ne peut en aucun cas \u00eatre une finalit\u00e9\u00a0\u00bb, insiste-t-il.<\/p>\n<p>Ryad poursuit en appelant \u00e0 la nuance. \u00ab\u00a0On aime le sport parce qu\u2019il y a du doute et aucune certitude. Mais quand j\u2019entends \u2018on doit gagner sinon, c\u2019est un \u00e9chec\u2019, Guardiola n\u2019a jamais dit \u00e7a avec la Bar\u00e7a en 2009. Je n\u2019ai jamais entendu un entra\u00eeneur dire \u00e7a, ni un pr\u00e9sident de F\u00e9d\u00e9ration. Je le comprends mais il ne faut pas tomber dans le populisme. Il faut avoir raison garder, l\u2019\u00e9quipe est l\u00e0, il faut \u00eatre derri\u00e8re elle. Puisqu\u2019il faut gagner, alors le jeu passe en secondaire, l\u2019important c\u2019est de passer. Aujourd\u2019hui, on doit s\u2019estimer heureux, rien n\u2019est facile, il faut gagner, avancer mais la pression ne peut \u00eatre uniquement mise sur le s\u00e9lectionneur. Je ne suis pas un grand fan de son jeu mais il faut \u00eatre honn\u00eate et savoir raison garder\u00a0\u00bb.<\/p>\n<p>Qualifi\u00e9, le Maroc continue. Convaincant, beaucoup moins. Walid Regragui avance sur une ligne \u00e9troite, entre obligation de r\u00e9sultats et attente d\u2019un jeu plus affirm\u00e9. Le quart de finale dira si cette \u00e9quipe peut transformer la tension en force collective.<\/p>\n","protected":false},"excerpt":{"rendered":"Pour Ryad, autre intervenant de l\u2019After CAN, la critique doit rester mesur\u00e9e. Il insiste sur le poids de&hellip;\n","protected":false},"author":2,"featured_media":4760,"comment_status":"","ping_status":"","sticky":false,"template":"","format":"standard","meta":{"footnotes":""},"categories":[41],"tags":[146,158,165,1115],"class_list":{"0":"post-4759","1":"post","2":"type-post","3":"status-publish","4":"format-standard","5":"has-post-thumbnail","7":"category-maroc","8":"tag-africa-cup-of-nations","9":"tag-maroc","10":"tag-morocco","11":"tag-w-regragui"},"share_on_mastodon":{"url":"","error":""},"_links":{"self":[{"href":"https:\/\/www.europesays.com\/africa\/wp-json\/wp\/v2\/posts\/4759","targetHints":{"allow":["GET"]}}],"collection":[{"href":"https:\/\/www.europesays.com\/africa\/wp-json\/wp\/v2\/posts"}],"about":[{"href":"https:\/\/www.europesays.com\/africa\/wp-json\/wp\/v2\/types\/post"}],"author":[{"embeddable":true,"href":"https:\/\/www.europesays.com\/africa\/wp-json\/wp\/v2\/users\/2"}],"replies":[{"embeddable":true,"href":"https:\/\/www.europesays.com\/africa\/wp-json\/wp\/v2\/comments?post=4759"}],"version-history":[{"count":0,"href":"https:\/\/www.europesays.com\/africa\/wp-json\/wp\/v2\/posts\/4759\/revisions"}],"wp:featuredmedia":[{"embeddable":true,"href":"https:\/\/www.europesays.com\/africa\/wp-json\/wp\/v2\/media\/4760"}],"wp:attachment":[{"href":"https:\/\/www.europesays.com\/africa\/wp-json\/wp\/v2\/media?parent=4759"}],"wp:term":[{"taxonomy":"category","embeddable":true,"href":"https:\/\/www.europesays.com\/africa\/wp-json\/wp\/v2\/categories?post=4759"},{"taxonomy":"post_tag","embeddable":true,"href":"https:\/\/www.europesays.com\/africa\/wp-json\/wp\/v2\/tags?post=4759"}],"curies":[{"name":"wp","href":"https:\/\/api.w.org\/{rel}","templated":true}]}}