{"id":4785,"date":"2026-01-05T10:32:06","date_gmt":"2026-01-05T10:32:06","guid":{"rendered":"https:\/\/www.europesays.com\/africa\/4785\/"},"modified":"2026-01-05T10:32:06","modified_gmt":"2026-01-05T10:32:06","slug":"can-2025-une-supportrice-senegalaise-est-morte-dans-un-accident-de-la-route-en-se-rendant-au-stade-pour-soutenir-son-equipe","status":"publish","type":"post","link":"https:\/\/www.europesays.com\/africa\/4785\/","title":{"rendered":"CAN 2025\u00a0: une supportrice s\u00e9n\u00e9galaise est morte dans un accident de la route en se rendant au stade pour soutenir son \u00e9quipe"},"content":{"rendered":"<p class=\"paragraph text_align_left lp-f-body-02\">Une triste nouvelle malgr\u00e9 la qualification. Ce dimanche 4 janvier, au lendemain de <a href=\"https:\/\/www.leparisien.fr\/sports\/football\/coupe-d-afrique-des-nations\/senegal-soudan-3-1-le-pied-gauche-de-lancien-marseillais-pape-gueye-envoie-les-senegalais-en-quarts-de-la-can-2025-03-01-2026-B5R2ATKNKNGDHO547BW4ISOXOE.php\" target=\"_blank\" rel=\"nofollow noopener\">la victoire du S\u00e9n\u00e9gal face au Soudan en 8e de finale de la CAN 2025 (3-1)<\/a>, la F\u00e9d\u00e9ration s\u00e9n\u00e9galaise de football (FSF) a r\u00e9v\u00e9l\u00e9 qu\u2019une supportrice des Lions de la Teranga avait perdu la vie dans un accident de la route la veille. Ce dernier est intervenu alors que la jeune femme se rendait au <a href=\"https:\/\/www.leparisien.fr\/sports\/football\/coupe-d-afrique-des-nations\/can-2025-rabat-tanger-casablanca-la-liste-complete-des-stades-de-la-competition-21-12-2025-YGODZLPOCVAM7IVGX6HS2S5JTY.php\" target=\"_self\" rel=\"nofollow noopener\">stade Ibn-Batouta de Tanger<\/a>, th\u00e9\u00e2tre de la rencontre.<\/p>\n<p class=\"\">\u00ab La F\u00e9d\u00e9ration s\u00e9n\u00e9galaise de football a la profonde douleur d\u2019annoncer le rappel \u00e0 Dieu de A\u00efda Faye Samb, survenu \u00e0 la suite d\u2019un accident de la circulation sur l\u2019axe Rabat-K\u00e9nitra \u00bb, a confirm\u00e9 l\u2019instance dans <a href=\"https:\/\/x.com\/Fsfofficielle\/status\/2007871496417673330?ref_src=twsrc%5Etfw%7Ctwcamp%5Etweetembed%7Ctwterm%5E2007871496417673330%7Ctwgr%5Ea75dbf749587212a96b6d75ec18b37ac15bfc2ba%7Ctwcon%5Es1_&amp;ref_url=https%3A%2F%2Frmcsport.bfmtv.com%2Ffootball%2Fcoupe-d-afrique-des-nations%2Fcan-2025-une-supportrice-du-senegal-est-morte-en-se-rendant-au-stade_AV-202601050176.html\" target=\"_self\" rel=\"nofollow\">un communiqu\u00e9 diffus\u00e9 sur les r\u00e9seaux sociaux<\/a>, adressant \u00e9galement \u00ab ses sinc\u00e8res condol\u00e9ances \u00e0 la famille \u00e9plor\u00e9e, \u00e0 ses proches, ainsi qu\u2019\u00e0 l\u2019ensemble de la famille du football s\u00e9n\u00e9galais \u00bb.<\/p>\n<p>Une \u00e9tudiante \u00e9tablie au Maroc<\/p>\n<p class=\"\">A\u00efda Faye Samb \u00e9tait une \u00e9tudiante s\u00e9n\u00e9galaise bas\u00e9e au <a href=\"https:\/\/www.leparisien.fr\/sports\/football\/coupe-d-afrique-des-nations\/can-2025-ou-quand-et-face-a-qui-le-maroc-jouera-t-il-son-quart-de-finale-04-01-2026-JWDGVOYPNJBL3IO2MQFP4RMDVY.php\" target=\"_self\" rel=\"nofollow noopener\">Maroc<\/a>. Elle est la seule victime recens\u00e9e de cet accident.<\/p>\n<p class=\"\">Victorieux face au <a href=\"https:\/\/www.leparisien.fr\/sports\/football\/coupe-d-afrique-des-nations\/can-2025-soudan-liste-joueur-a-suivre-calendrier-des-matchs-tout-savoir-sur-les-faucons-de-jediane-19-12-2025-ZMOQD2C2SFCYRECJVTLKPIOLMU.php\" target=\"_self\" rel=\"nofollow noopener\">Soudan<\/a> malgr\u00e9 la surprenante ouverture du score des Faucons de Jediane, le S\u00e9n\u00e9gal s\u2019est remis sur le droit chemin gr\u00e2ce au doubl\u00e9 de Pape Gueye (30e, 45e + 2) et <a href=\"https:\/\/www.leparisien.fr\/sports\/football\/coupe-d-afrique-des-nations\/senegal-soudan-3-1-les-images-du-premier-but-a-la-can-de-lattaquant-du-psg-ibrahim-mbaye-encore-virevoltant-03-01-2026-65PSUJLDEZD6VCGUMY4IVEQER4.php\" target=\"_self\" rel=\"nofollow noopener\">au premier but international du Titi parisien Ibrahim Mbaye<\/a> (77e). En quarts de finale, <a href=\"https:\/\/www.leparisien.fr\/sports\/football\/coupe-d-afrique-des-nations\/can-2025-maroc-cameroun-senegal-le-tableau-des-quarts-de-finale-se-dessine-04-01-2026-XTW2NX3NSNFPHEDOV5EUTQRZKY.php\" target=\"_self\" rel=\"nofollow noopener\">les hommes de Pape Thiaw d\u00e9fieront le Mali<\/a>, une nouvelle fois au c\u0153ur de l\u2019enceinte de Tanger, o\u00f9 un hommage devrait \u00eatre rendu \u00e0 la jeune supportrice d\u00e9c\u00e9d\u00e9e. La rencontre aura lieu le vendredi 9 janvier, \u00e0 partir de 17 heures.<\/p>\n","protected":false},"excerpt":{"rendered":"Une triste nouvelle malgr\u00e9 la qualification. Ce dimanche 4 janvier, au lendemain de la victoire du S\u00e9n\u00e9gal face&hellip;\n","protected":false},"author":2,"featured_media":4786,"comment_status":"","ping_status":"","sticky":false,"template":"","format":"standard","meta":{"footnotes":""},"categories":[48],"tags":[360,311,159,264],"class_list":{"0":"post-4785","1":"post","2":"type-post","3":"status-publish","4":"format-standard","5":"has-post-thumbnail","7":"category-senegal","8":"tag-can","9":"tag-football","10":"tag-senegal","11":"tag-sports"},"share_on_mastodon":{"url":"","error":""},"_links":{"self":[{"href":"https:\/\/www.europesays.com\/africa\/wp-json\/wp\/v2\/posts\/4785","targetHints":{"allow":["GET"]}}],"collection":[{"href":"https:\/\/www.europesays.com\/africa\/wp-json\/wp\/v2\/posts"}],"about":[{"href":"https:\/\/www.europesays.com\/africa\/wp-json\/wp\/v2\/types\/post"}],"author":[{"embeddable":true,"href":"https:\/\/www.europesays.com\/africa\/wp-json\/wp\/v2\/users\/2"}],"replies":[{"embeddable":true,"href":"https:\/\/www.europesays.com\/africa\/wp-json\/wp\/v2\/comments?post=4785"}],"version-history":[{"count":0,"href":"https:\/\/www.europesays.com\/africa\/wp-json\/wp\/v2\/posts\/4785\/revisions"}],"wp:featuredmedia":[{"embeddable":true,"href":"https:\/\/www.europesays.com\/africa\/wp-json\/wp\/v2\/media\/4786"}],"wp:attachment":[{"href":"https:\/\/www.europesays.com\/africa\/wp-json\/wp\/v2\/media?parent=4785"}],"wp:term":[{"taxonomy":"category","embeddable":true,"href":"https:\/\/www.europesays.com\/africa\/wp-json\/wp\/v2\/categories?post=4785"},{"taxonomy":"post_tag","embeddable":true,"href":"https:\/\/www.europesays.com\/africa\/wp-json\/wp\/v2\/tags?post=4785"}],"curies":[{"name":"wp","href":"https:\/\/api.w.org\/{rel}","templated":true}]}}