{"id":479,"date":"2026-01-03T14:25:06","date_gmt":"2026-01-03T14:25:06","guid":{"rendered":"https:\/\/www.europesays.com\/africa\/479\/"},"modified":"2026-01-03T14:25:06","modified_gmt":"2026-01-03T14:25:06","slug":"en-ce-jour-de-match-le-senegal-jouera-aussi-pour-toi","status":"publish","type":"post","link":"https:\/\/www.europesays.com\/africa\/479\/","title":{"rendered":"\u00ab En ce jour de match, le S\u00e9n\u00e9gal jouera aussi pour toi \u00bb"},"content":{"rendered":"<p class=\"firstp\">L\u2019ancien international s\u00e9n\u00e9galais Dame Ndoye, qui \u00e9voluait au poste d\u2019avant-centre, a publi\u00e9 un message \u00e9mouvant, hier, en hommage \u00e0 Khar Mbaye Madriaga, d\u00e9c\u00e9d\u00e9e ce samedi matin \u00e0 Rufisque \u00e0 l\u2019\u00e2ge de 87 ans.<\/p>\n<p>\u00ab Demain, le S\u00e9n\u00e9gal joue. Mais avant le coup d\u2019envoi, nos c\u0153urs jouent d\u00e9j\u00e0 pour toi \u00bb, \u00e9crit <a href=\"https:\/\/www.senenews.com\/actualites\/zappe-en-equipe-nationale-dame-ndoye-enfonce-aliou-cisse-ce-quil-ma-dit-lors-dune-discussion-video_512688.html\" rel=\"nofollow noopener\" target=\"_blank\">Dame Ndoye<\/a>. Il salue la m\u00e9moire de cette grande dame, artiste et femme respect\u00e9e, dont la voix a berc\u00e9 des g\u00e9n\u00e9rations et dont les chansons d\u00e9di\u00e9es au football s\u00e9n\u00e9galais ont marqu\u00e9 les c\u0153urs et l\u2019identit\u00e9 nationale.\n<\/p>\n<p>L\u2019ancien attaquant invite ainsi les Lions de la Teranga \u00e0 honorer sa m\u00e9moire : \u00ab Que nos Lions se battent avec honneur et fiert\u00e9, pour toi, pour ta m\u00e9moire, pour tout ce que tu as transmis. Que le Bon Dieu t\u2019accueille dans Son paradis et t\u2019accorde Sa mis\u00e9ricorde. Repose en paix maman Khar Mbaye. Demain, le S\u00e9n\u00e9gal jouera aussi pour toi. \u00bb<\/p>\n","protected":false},"excerpt":{"rendered":"L\u2019ancien international s\u00e9n\u00e9galais Dame Ndoye, qui \u00e9voluait au poste d\u2019avant-centre, a publi\u00e9 un message \u00e9mouvant, hier, en hommage&hellip;\n","protected":false},"author":2,"featured_media":480,"comment_status":"","ping_status":"","sticky":false,"template":"","format":"standard","meta":{"footnotes":""},"categories":[48],"tags":[640,311,641,159,163],"class_list":{"0":"post-479","1":"post","2":"type-post","3":"status-publish","4":"format-standard","5":"has-post-thumbnail","7":"category-senegal","8":"tag-dame-ndoye","9":"tag-football","10":"tag-khar-mbaye-madriaga","11":"tag-senegal","12":"tag-senegal-actualites"},"share_on_mastodon":{"url":"","error":""},"_links":{"self":[{"href":"https:\/\/www.europesays.com\/africa\/wp-json\/wp\/v2\/posts\/479","targetHints":{"allow":["GET"]}}],"collection":[{"href":"https:\/\/www.europesays.com\/africa\/wp-json\/wp\/v2\/posts"}],"about":[{"href":"https:\/\/www.europesays.com\/africa\/wp-json\/wp\/v2\/types\/post"}],"author":[{"embeddable":true,"href":"https:\/\/www.europesays.com\/africa\/wp-json\/wp\/v2\/users\/2"}],"replies":[{"embeddable":true,"href":"https:\/\/www.europesays.com\/africa\/wp-json\/wp\/v2\/comments?post=479"}],"version-history":[{"count":0,"href":"https:\/\/www.europesays.com\/africa\/wp-json\/wp\/v2\/posts\/479\/revisions"}],"wp:featuredmedia":[{"embeddable":true,"href":"https:\/\/www.europesays.com\/africa\/wp-json\/wp\/v2\/media\/480"}],"wp:attachment":[{"href":"https:\/\/www.europesays.com\/africa\/wp-json\/wp\/v2\/media?parent=479"}],"wp:term":[{"taxonomy":"category","embeddable":true,"href":"https:\/\/www.europesays.com\/africa\/wp-json\/wp\/v2\/categories?post=479"},{"taxonomy":"post_tag","embeddable":true,"href":"https:\/\/www.europesays.com\/africa\/wp-json\/wp\/v2\/tags?post=479"}],"curies":[{"name":"wp","href":"https:\/\/api.w.org\/{rel}","templated":true}]}}