{"id":4809,"date":"2026-01-05T10:46:06","date_gmt":"2026-01-05T10:46:06","guid":{"rendered":"https:\/\/www.europesays.com\/africa\/4809\/"},"modified":"2026-01-05T10:46:06","modified_gmt":"2026-01-05T10:46:06","slug":"le-voleur-du-stade-leopold-sedar-senghor-est-enfin-tombe","status":"publish","type":"post","link":"https:\/\/www.europesays.com\/africa\/4809\/","title":{"rendered":"Le voleur du stade L\u00e9opold S\u00e9dar Senghor est enfin tomb\u00e9"},"content":{"rendered":"<p class=\"firstp\">Apr\u00e8s 17 jours d\u2019enqu\u00eate minutieuse, les limiers du commissariat des Parcelles Assainies, en collaboration avec leurs coll\u00e8gues de Grand Yoff, ont arr\u00eat\u00e9 le voleur de la table de mixage de la salle de conf\u00e9rence du stade L\u00e9opold S\u00e9dar Senghor, ainsi que le receleur du mat\u00e9riel d\u00e9rob\u00e9.<\/p>\n<p>Le vol, signal\u00e9 le 19 d\u00e9cembre par Y. Sy, mandataire de l\u2019Office de gestion des infrastructures sportives (Ogis), avait rapidement suscit\u00e9 l\u2019attention des autorit\u00e9s et des internautes en raison de sa port\u00e9e et de l\u2019importance du bien d\u00e9rob\u00e9. Les investigations ont repos\u00e9 sur l\u2019exploitation des vid\u00e9os de surveillance du stade, permettant d\u2019identifier le suspect, N. D\u00e8me, qui r\u00e9side \u00e0 <a href=\"https:\/\/www.senenews.com\/actualites\/grand-yoff-le-saltigue-koromack-faye-reagit-a-la-demolition-de-sa-dibiterie_567247.html\" rel=\"nofollow noopener\" target=\"_blank\">Grand Yoff.<\/a>\n<\/p>\n<p>Les enqu\u00eateurs ont retrac\u00e9 ses mouvements et confirm\u00e9 sa pr\u00e9sence sur les lieux le jour du vol. Selon ses d\u00e9clarations, il s\u2019\u00e9tait pr\u00e9sent\u00e9 comme membre du personnel du stade pour r\u00e9soudre un probl\u00e8me de micro lors d\u2019une conf\u00e9rence organis\u00e9e entre 9 heures et 13 heures. Profitant de la confiance des organisateurs, il serait rest\u00e9 dans la salle jusqu\u2019\u00e0 ce que l\u2019occasion lui permette de s\u2019emparer de la table de mixage, \u00e9valu\u00e9e \u00e0 500.000 FCFA, qu\u2019il a ensuite c\u00e9d\u00e9e \u00e0 son receleur pour 40.000 FCFA.<\/p>\n<p>La synergie entre les commissariats des Parcelles Assainies et de Grand Yoff a permis d\u2019interpeller N. D\u00e8me \u00e0 son domicile, puis de localiser et arr\u00eater son receleur, N. Ciss\u00e9, 42 ans, animateur de son \u00e9tat. La perquisition men\u00e9e au domicile de ce dernier a permis de r\u00e9cup\u00e9rer la table de mixage. Les deux hommes ont \u00e9t\u00e9 plac\u00e9s en garde \u00e0 vue pour vol et recel de bien public, et l\u2019enqu\u00eate se poursuit pour \u00e9tablir les responsabilit\u00e9s exactes et d\u00e9terminer d\u2019\u00e9ventuels complices.<\/p>\n","protected":false},"excerpt":{"rendered":"Apr\u00e8s 17 jours d\u2019enqu\u00eate minutieuse, les limiers du commissariat des Parcelles Assainies, en collaboration avec leurs coll\u00e8gues de&hellip;\n","protected":false},"author":2,"featured_media":4810,"comment_status":"","ping_status":"","sticky":false,"template":"","format":"standard","meta":{"footnotes":""},"categories":[48],"tags":[3768,159,163,239],"class_list":{"0":"post-4809","1":"post","2":"type-post","3":"status-publish","4":"format-standard","5":"has-post-thumbnail","7":"category-senegal","8":"tag-leopold-sedar-senghor","9":"tag-senegal","10":"tag-senegal-actualites","11":"tag-societe"},"share_on_mastodon":{"url":"","error":""},"_links":{"self":[{"href":"https:\/\/www.europesays.com\/africa\/wp-json\/wp\/v2\/posts\/4809","targetHints":{"allow":["GET"]}}],"collection":[{"href":"https:\/\/www.europesays.com\/africa\/wp-json\/wp\/v2\/posts"}],"about":[{"href":"https:\/\/www.europesays.com\/africa\/wp-json\/wp\/v2\/types\/post"}],"author":[{"embeddable":true,"href":"https:\/\/www.europesays.com\/africa\/wp-json\/wp\/v2\/users\/2"}],"replies":[{"embeddable":true,"href":"https:\/\/www.europesays.com\/africa\/wp-json\/wp\/v2\/comments?post=4809"}],"version-history":[{"count":0,"href":"https:\/\/www.europesays.com\/africa\/wp-json\/wp\/v2\/posts\/4809\/revisions"}],"wp:featuredmedia":[{"embeddable":true,"href":"https:\/\/www.europesays.com\/africa\/wp-json\/wp\/v2\/media\/4810"}],"wp:attachment":[{"href":"https:\/\/www.europesays.com\/africa\/wp-json\/wp\/v2\/media?parent=4809"}],"wp:term":[{"taxonomy":"category","embeddable":true,"href":"https:\/\/www.europesays.com\/africa\/wp-json\/wp\/v2\/categories?post=4809"},{"taxonomy":"post_tag","embeddable":true,"href":"https:\/\/www.europesays.com\/africa\/wp-json\/wp\/v2\/tags?post=4809"}],"curies":[{"name":"wp","href":"https:\/\/api.w.org\/{rel}","templated":true}]}}