{"id":4829,"date":"2026-01-05T10:58:06","date_gmt":"2026-01-05T10:58:06","guid":{"rendered":"https:\/\/www.europesays.com\/africa\/4829\/"},"modified":"2026-01-05T10:58:06","modified_gmt":"2026-01-05T10:58:06","slug":"le-cameroun-bat-lafrique-du-sud-et-affrontera-le-maroc","status":"publish","type":"post","link":"https:\/\/www.europesays.com\/africa\/4829\/","title":{"rendered":"Le Cameroun bat l&#8217;Afrique du Sud et affrontera le Maroc"},"content":{"rendered":"<p class=\"mb-4 text-lg md:leading-8 break-words\">Brahim D\u00edaz a maintenu les espoirs de titre du Maroc \u00e0 la Coupe d&#8217;Afrique des Nations, tandis que le Cameroun, quintuple vainqueur, a battu l&#8217;Afrique du Sud 2-1 pour affronter le pays h\u00f4te en quarts de finale.<\/p>\n<p class=\"mb-4 text-lg md:leading-8 break-words\">D\u00edaz a permis au Maroc de se qualifier gr\u00e2ce \u00e0 une victoire 1-0 sur la Tanzanie dimanche, avant que le Cameroun ne s&#8217;accroche pour battre l&#8217;Afrique du Sud pour la premi\u00e8re fois depuis 1992 gr\u00e2ce \u00e0 des buts de Junior Tchamadeu et de Christian Kofane. Ils se rencontreront au prochain tour vendredi.<\/p>\n<p class=\"mb-4 text-lg md:leading-8 break-words\">Le quatri\u00e8me but de D\u00edaz en quatre matches a d\u00e9clench\u00e9 des c\u00e9l\u00e9brations de soulagement dans le stade Prince Moulay Abdellah de Rabat, qui peut accueillir pr\u00e8s de 70 000 personnes et o\u00f9 l&#8217;\u00e9quipe locale jouera tous ses matches tant qu&#8217;elle continuera \u00e0 gagner jusqu&#8217;\u00e0 la finale du 18 janvier.<\/p>\n<p>L&#8217;Afrique du Sud \u00e9limin\u00e9e<\/p>\n<p class=\"mb-4 text-lg md:leading-8 break-words\">L&#8217;Afrique du Sud a d\u00fb regretter une multitude d&#8217;occasions manqu\u00e9es en d\u00e9but de match, alors que les d\u00e9fenseurs camerounais semblaient jouer ensemble pour la premi\u00e8re fois.<\/p>\n<p class=\"mb-4 text-lg md:leading-8 break-words\">Tchamadeu a ouvert le score en pla\u00e7ant le ballon au deuxi\u00e8me poteau \u00e0 la 34e minute, apr\u00e8s avoir \u00e9t\u00e9 laiss\u00e9 libre par les d\u00e9fenseurs sud-africains qui n&#8217;avaient pas r\u00e9ussi \u00e0 d\u00e9gager le premier corner camerounais.<\/p>\n<p class=\"mb-4 text-lg md:leading-8 break-words\">Apr\u00e8s la pause, les Lions indomptables ont fait preuve de plus de mordant, Aboubakar Nagida centrant pour Kofane qui a inscrit le deuxi\u00e8me but de la t\u00eate \u00e0 la 47e.<\/p>\n<p class=\"mb-4 text-lg md:leading-8 break-words\">Le but d&#8217;Evidence Makgopa \u00e0 la 88e minute \u00e9tait trop tardif pour les Bafana Bafana.<\/p>\n","protected":false},"excerpt":{"rendered":"Brahim D\u00edaz a maintenu les espoirs de titre du Maroc \u00e0 la Coupe d&#8217;Afrique des Nations, tandis que&hellip;\n","protected":false},"author":2,"featured_media":4830,"comment_status":"","ping_status":"","sticky":false,"template":"","format":"standard","meta":{"footnotes":""},"categories":[62],"tags":[64,3670,1495,3787,1504,158,2077],"class_list":{"0":"post-4829","1":"post","2":"type-post","3":"status-publish","4":"format-standard","5":"has-post-thumbnail","7":"category-afrique","8":"tag-afrique","9":"tag-brahim","10":"tag-christian-kofane","11":"tag-coupe-d39afrique-des-nations","12":"tag-junior-tchamadeu","13":"tag-maroc","14":"tag-quarts-de-finale"},"share_on_mastodon":{"url":"","error":""},"_links":{"self":[{"href":"https:\/\/www.europesays.com\/africa\/wp-json\/wp\/v2\/posts\/4829","targetHints":{"allow":["GET"]}}],"collection":[{"href":"https:\/\/www.europesays.com\/africa\/wp-json\/wp\/v2\/posts"}],"about":[{"href":"https:\/\/www.europesays.com\/africa\/wp-json\/wp\/v2\/types\/post"}],"author":[{"embeddable":true,"href":"https:\/\/www.europesays.com\/africa\/wp-json\/wp\/v2\/users\/2"}],"replies":[{"embeddable":true,"href":"https:\/\/www.europesays.com\/africa\/wp-json\/wp\/v2\/comments?post=4829"}],"version-history":[{"count":0,"href":"https:\/\/www.europesays.com\/africa\/wp-json\/wp\/v2\/posts\/4829\/revisions"}],"wp:featuredmedia":[{"embeddable":true,"href":"https:\/\/www.europesays.com\/africa\/wp-json\/wp\/v2\/media\/4830"}],"wp:attachment":[{"href":"https:\/\/www.europesays.com\/africa\/wp-json\/wp\/v2\/media?parent=4829"}],"wp:term":[{"taxonomy":"category","embeddable":true,"href":"https:\/\/www.europesays.com\/africa\/wp-json\/wp\/v2\/categories?post=4829"},{"taxonomy":"post_tag","embeddable":true,"href":"https:\/\/www.europesays.com\/africa\/wp-json\/wp\/v2\/tags?post=4829"}],"curies":[{"name":"wp","href":"https:\/\/api.w.org\/{rel}","templated":true}]}}