{"id":4908,"date":"2026-01-05T11:47:06","date_gmt":"2026-01-05T11:47:06","guid":{"rendered":"https:\/\/www.europesays.com\/africa\/4908\/"},"modified":"2026-01-05T11:47:06","modified_gmt":"2026-01-05T11:47:06","slug":"un-jeune-homme-meurt-apres-une-consommation-de-drogue-7-fetards-autres-arretes","status":"publish","type":"post","link":"https:\/\/www.europesays.com\/africa\/4908\/","title":{"rendered":"Un jeune homme meurt apr\u00e8s une consommation de drogue, 7 f\u00eatards autres arr\u00eat\u00e9s"},"content":{"rendered":"<p class=\"firstp\">Pour c\u00e9l\u00e9brer l\u2019entr\u00e9e dans l\u2019ann\u00e9e 2026, un groupe de jeunes aurait lou\u00e9 un appartement situ\u00e9 \u00e0 Libert\u00e9 5. La f\u00eate, organis\u00e9e vendredi dernier et r\u00e9unissant exclusivement des hommes, a \u00e9t\u00e9 marqu\u00e9e par la consommation de stup\u00e9fiants, notamment du chanvre indien.<\/p>\n<p data-start=\"430\" data-end=\"584\">La soir\u00e9e a toutefois tourn\u00e9 au drame. D\u2019apr\u00e8s des sources de Seneweb, l\u2019un des participants a perdu la vie sur place apr\u00e8s avoir consomm\u00e9 de la <a href=\"https:\/\/www.senenews.com\/actualites\/mbacke-k-mbacke-avait-dissimule-35-kg-de-drogue-dans-sa-salle-de-bain_571385.html\" rel=\"nofollow noopener\" target=\"_blank\">drogue<\/a>.\n<\/p>\n<p data-start=\"586\" data-end=\"1026\" data-is-last-node=\"\" data-is-only-node=\"\">Alert\u00e9s du d\u00e9c\u00e8s, les \u00e9l\u00e9ments du commissariat d\u2019arrondissement de Dieuppeul ont imm\u00e9diatement ouvert une enqu\u00eate. Les premi\u00e8res investigations ont conduit \u00e0 l\u2019interpellation d\u2019au moins sept f\u00eatards, plac\u00e9s en garde \u00e0 vue pour usage collectif de drogue. Ils restent \u00e0 la disposition des enqu\u00eateurs, en attendant les r\u00e9sultats de l\u2019autopsie ordonn\u00e9e par le procureur de la R\u00e9publique pr\u00e8s le Tribunal de grande instance hors classe de Dakar.<\/p>\n","protected":false},"excerpt":{"rendered":"Pour c\u00e9l\u00e9brer l\u2019entr\u00e9e dans l\u2019ann\u00e9e 2026, un groupe de jeunes aurait lou\u00e9 un appartement situ\u00e9 \u00e0 Libert\u00e9 5.&hellip;\n","protected":false},"author":2,"featured_media":4909,"comment_status":"","ping_status":"","sticky":false,"template":"","format":"standard","meta":{"footnotes":""},"categories":[48],"tags":[3819,3820,159,163,239],"class_list":{"0":"post-4908","1":"post","2":"type-post","3":"status-publish","4":"format-standard","5":"has-post-thumbnail","7":"category-senegal","8":"tag-drogue","9":"tag-fin-dannee","10":"tag-senegal","11":"tag-senegal-actualites","12":"tag-societe"},"share_on_mastodon":{"url":"","error":""},"_links":{"self":[{"href":"https:\/\/www.europesays.com\/africa\/wp-json\/wp\/v2\/posts\/4908","targetHints":{"allow":["GET"]}}],"collection":[{"href":"https:\/\/www.europesays.com\/africa\/wp-json\/wp\/v2\/posts"}],"about":[{"href":"https:\/\/www.europesays.com\/africa\/wp-json\/wp\/v2\/types\/post"}],"author":[{"embeddable":true,"href":"https:\/\/www.europesays.com\/africa\/wp-json\/wp\/v2\/users\/2"}],"replies":[{"embeddable":true,"href":"https:\/\/www.europesays.com\/africa\/wp-json\/wp\/v2\/comments?post=4908"}],"version-history":[{"count":0,"href":"https:\/\/www.europesays.com\/africa\/wp-json\/wp\/v2\/posts\/4908\/revisions"}],"wp:featuredmedia":[{"embeddable":true,"href":"https:\/\/www.europesays.com\/africa\/wp-json\/wp\/v2\/media\/4909"}],"wp:attachment":[{"href":"https:\/\/www.europesays.com\/africa\/wp-json\/wp\/v2\/media?parent=4908"}],"wp:term":[{"taxonomy":"category","embeddable":true,"href":"https:\/\/www.europesays.com\/africa\/wp-json\/wp\/v2\/categories?post=4908"},{"taxonomy":"post_tag","embeddable":true,"href":"https:\/\/www.europesays.com\/africa\/wp-json\/wp\/v2\/tags?post=4908"}],"curies":[{"name":"wp","href":"https:\/\/api.w.org\/{rel}","templated":true}]}}