{"id":4930,"date":"2026-01-05T12:02:06","date_gmt":"2026-01-05T12:02:06","guid":{"rendered":"https:\/\/www.europesays.com\/africa\/4930\/"},"modified":"2026-01-05T12:02:06","modified_gmt":"2026-01-05T12:02:06","slug":"hadjam-ne-pourra-pas-jouer-avec-lalgerie-dans-la-can-2025","status":"publish","type":"post","link":"https:\/\/www.europesays.com\/africa\/4930\/","title":{"rendered":"Hadjam ne pourra pas jouer avec l&#8217;Alg\u00e9rie dans la CAN 2025"},"content":{"rendered":"<p style=\"text-align: justify\">Bless\u00e9 et remplac\u00e9 pr\u00e9matur\u00e9ment lors du match Alg\u00e9rie \u2013 Burkina Faso lors de la deuxi\u00e8me journ\u00e9e de la CAN 2025 (21 d\u00e9cembre \u2013 18 janvier) qui se tient au Maroc, Jaouen Hadjam n\u2019\u00e9tait, au m\u00eame titre que Samir Chergui, pas op\u00e9rationnel, depuis cette rencontre. Alors qu\u2019il y avait bon espoir de l\u2019avoir de nouveau \u00e0 disposition \u00e0 partir de la phase \u00e0 \u00e9limination directe, Vladimir Petkovic, s\u00e9lectionneur national, vient d\u2019annoncer que le d\u00e9fenseur est d\u00e9finitivement forfait pour la suite de la comp\u00e9tition. Sacr\u00e9 coup dur !<\/p>\n<p style=\"text-align: justify\">Le joueur tout comme le staff technique esp\u00e9raient qu\u2019un \u201cmiracle\u201d se produise. La torsion \u00e9tait s\u00e9rieuse. Et on a pu voir cela sur les images m\u00eame si l\u2019intervention du Burkinab\u00e9 n\u2019avait rien d\u2019intentionnel. Hadjam n\u2019a pas pu poursuivre la partie.<\/p>\n<p>Une d\u00e9fection importante malgr\u00e9 les alternatives<\/p>\n<p style=\"text-align: justify\">S\u2019en suivra une patience de la part de l\u2019encadrement m\u00e9dical et celui technique pour statuer d\u00e9finitivement sur sa capacit\u00e9 de r\u00e9tablissement. Dimanche, le verdict est tomb\u00e9 et la d\u00e9cision a \u00e9t\u00e9 prise : le pensionnaire du BSC Young Boys ne pourra plus rejouer dans la CAN 2025. C\u2019est ce qua r\u00e9v\u00e9l\u00e9 Petkovic ce lundi en indiquant, en conf\u00e9rence de presse d\u2019avant-match, que \u00ab pour Hadjam nous avons tout tent\u00e9 pour le r\u00e9cup\u00e9rer. Finalement nous l\u2019avons lib\u00e9r\u00e9 pour qu\u2019il aille se soigner dans son club. \u00bb\u00a0<\/p>\n<p style=\"text-align: justify\">A pr\u00e9sent, il faudra composer avec Rayan A\u00eft-Nouri, lui aussi incertain et qui ne s\u2019est pas entra\u00een\u00e9 depuis vendredi, et Mehdi Dorval. En cas de besoin, Ramy Benseba\u00efni pourrait glisser sur le c\u00f4t\u00e9 gauche de la d\u00e9fense. Clairement, le forfait de Hadjam constituer un casse-t\u00eate pour Petkovic compte tenu de la polyvalence et de la qualit\u00e9 de l\u2019ancien soci\u00e9taire du Paris FC et du FC Nantes. On parlera de cette d\u00e9fection et ses r\u00e9percussions plus tard dans la journ\u00e9e.<\/p>\n","protected":false},"excerpt":{"rendered":"Bless\u00e9 et remplac\u00e9 pr\u00e9matur\u00e9ment lors du match Alg\u00e9rie \u2013 Burkina Faso lors de la deuxi\u00e8me journ\u00e9e de la&hellip;\n","protected":false},"author":2,"featured_media":4931,"comment_status":"","ping_status":"","sticky":false,"template":"","format":"standard","meta":{"footnotes":""},"categories":[254],"tags":[255,1153,1001,969,1002,1003,632,1270,1271],"class_list":{"0":"post-4930","1":"post","2":"type-post","3":"status-publish","4":"format-standard","5":"has-post-thumbnail","7":"category-algerie","8":"tag-algerie","9":"tag-burkina-faso","10":"tag-jaouen-hadjam","11":"tag-maroc-can-2025","12":"tag-mehdi-dorval","13":"tag-ramy-bensebaini","14":"tag-rayan-ait-nouri","15":"tag-samir-chergui","16":"tag-vladimir-petkovic"},"share_on_mastodon":{"url":"","error":""},"_links":{"self":[{"href":"https:\/\/www.europesays.com\/africa\/wp-json\/wp\/v2\/posts\/4930","targetHints":{"allow":["GET"]}}],"collection":[{"href":"https:\/\/www.europesays.com\/africa\/wp-json\/wp\/v2\/posts"}],"about":[{"href":"https:\/\/www.europesays.com\/africa\/wp-json\/wp\/v2\/types\/post"}],"author":[{"embeddable":true,"href":"https:\/\/www.europesays.com\/africa\/wp-json\/wp\/v2\/users\/2"}],"replies":[{"embeddable":true,"href":"https:\/\/www.europesays.com\/africa\/wp-json\/wp\/v2\/comments?post=4930"}],"version-history":[{"count":0,"href":"https:\/\/www.europesays.com\/africa\/wp-json\/wp\/v2\/posts\/4930\/revisions"}],"wp:featuredmedia":[{"embeddable":true,"href":"https:\/\/www.europesays.com\/africa\/wp-json\/wp\/v2\/media\/4931"}],"wp:attachment":[{"href":"https:\/\/www.europesays.com\/africa\/wp-json\/wp\/v2\/media?parent=4930"}],"wp:term":[{"taxonomy":"category","embeddable":true,"href":"https:\/\/www.europesays.com\/africa\/wp-json\/wp\/v2\/categories?post=4930"},{"taxonomy":"post_tag","embeddable":true,"href":"https:\/\/www.europesays.com\/africa\/wp-json\/wp\/v2\/tags?post=4930"}],"curies":[{"name":"wp","href":"https:\/\/api.w.org\/{rel}","templated":true}]}}