{"id":4957,"date":"2026-01-05T12:17:16","date_gmt":"2026-01-05T12:17:16","guid":{"rendered":"https:\/\/www.europesays.com\/africa\/4957\/"},"modified":"2026-01-05T12:17:16","modified_gmt":"2026-01-05T12:17:16","slug":"des-coupures-deau-dans-quelques-heures-pour-ces-quartiers-de-dakar","status":"publish","type":"post","link":"https:\/\/www.europesays.com\/africa\/4957\/","title":{"rendered":"Des coupures d&#8217;eau dans quelques heures pour ces quartiers de Dakar"},"content":{"rendered":"<p class=\"firstp\">Sen\u2019Eau informe ses clients que des travaux d\u2019entretien des ouvrages de stockage d\u2019eau auront lieu mercredi 7 janvier 2026 \u00e0 partir de 8 heures. Ces interventions concernent la b\u00e2che de la station de Malika ainsi que le ch\u00e2teau d\u2019eau \u00ab Point Y \u00bb \u00e0 Gu\u00e9diawaye.<\/p>\n<p>Pendant la dur\u00e9e des travaux, la distribution d\u2019eau sera perturb\u00e9e dans plusieurs localit\u00e9s, avec des baisses de pression pouvant aller jusqu\u2019au manque total d\u2019eau. Les quartiers touch\u00e9s sont : Nord Foire, Keur Damel, Djily Mbaye, Diamalaye, Yoff et Cit\u00e9 Biagui.\n<\/p>\n<p><img loading=\"lazy\" decoding=\"async\" class=\"alignnone size-full wp-image-571580\" src=\"https:\/\/www.europesays.com\/africa\/wp-content\/uploads\/2026\/01\/whatsapp-image-2026-01-05-at-11.42.03.jpeg\" alt=\"whatsapp image 2026 01 05 at 11.42.03 - Senenews - Actualit\u00e9 au S\u00e9n\u00e9gal, Politique, \u00c9conomie, Sport\" width=\"1171\" height=\"1600\" title=\"SEN'EAU : Des coupures d'eau dans quelques heures pour ces quartiers de Dakar 4\"  \/><\/p>\n<p>Selon Sen\u2019Eau, la situation devrait revenir progressivement \u00e0 la normale d\u00e8s la fin des travaux, pr\u00e9vue dans la soir\u00e9e du m\u00eame jour. L\u2019entreprise invite ses clients \u00e0 faire preuve de patience et remercie la population pour sa compr\u00e9hension pendant cette op\u00e9ration de maintenance.<\/p>\n","protected":false},"excerpt":{"rendered":"Sen\u2019Eau informe ses clients que des travaux d\u2019entretien des ouvrages de stockage d\u2019eau auront lieu mercredi 7 janvier&hellip;\n","protected":false},"author":2,"featured_media":4958,"comment_status":"","ping_status":"","sticky":false,"template":"","format":"standard","meta":{"footnotes":""},"categories":[48],"tags":[3857,159,163,239],"class_list":{"0":"post-4957","1":"post","2":"type-post","3":"status-publish","4":"format-standard","5":"has-post-thumbnail","7":"category-senegal","8":"tag-eau","9":"tag-senegal","10":"tag-senegal-actualites","11":"tag-societe"},"share_on_mastodon":{"url":"","error":""},"_links":{"self":[{"href":"https:\/\/www.europesays.com\/africa\/wp-json\/wp\/v2\/posts\/4957","targetHints":{"allow":["GET"]}}],"collection":[{"href":"https:\/\/www.europesays.com\/africa\/wp-json\/wp\/v2\/posts"}],"about":[{"href":"https:\/\/www.europesays.com\/africa\/wp-json\/wp\/v2\/types\/post"}],"author":[{"embeddable":true,"href":"https:\/\/www.europesays.com\/africa\/wp-json\/wp\/v2\/users\/2"}],"replies":[{"embeddable":true,"href":"https:\/\/www.europesays.com\/africa\/wp-json\/wp\/v2\/comments?post=4957"}],"version-history":[{"count":0,"href":"https:\/\/www.europesays.com\/africa\/wp-json\/wp\/v2\/posts\/4957\/revisions"}],"wp:featuredmedia":[{"embeddable":true,"href":"https:\/\/www.europesays.com\/africa\/wp-json\/wp\/v2\/media\/4958"}],"wp:attachment":[{"href":"https:\/\/www.europesays.com\/africa\/wp-json\/wp\/v2\/media?parent=4957"}],"wp:term":[{"taxonomy":"category","embeddable":true,"href":"https:\/\/www.europesays.com\/africa\/wp-json\/wp\/v2\/categories?post=4957"},{"taxonomy":"post_tag","embeddable":true,"href":"https:\/\/www.europesays.com\/africa\/wp-json\/wp\/v2\/tags?post=4957"}],"curies":[{"name":"wp","href":"https:\/\/api.w.org\/{rel}","templated":true}]}}