{"id":4980,"date":"2026-01-05T12:30:07","date_gmt":"2026-01-05T12:30:07","guid":{"rendered":"https:\/\/www.europesays.com\/africa\/4980\/"},"modified":"2026-01-05T12:30:07","modified_gmt":"2026-01-05T12:30:07","slug":"algerie-can-2025-respect-oui-peur-non-le-message-clair-de-petkovic","status":"publish","type":"post","link":"https:\/\/www.europesays.com\/africa\/4980\/","title":{"rendered":"Alg\u00e9rie \/ CAN 2025 | Respect oui, peur non : Le message clair de Petkovic"},"content":{"rendered":"<p style=\"text-align: justify;\">En marge du choc \u00e0 venir face \u00e0 la RD Congo, le s\u00e9lectionneur Vladimir Petkovic s\u2019est exprim\u00e9 en conf\u00e9rence de presse sur l\u2019affiche qui attend les Fennecs ce mardi, \u00e9voquant \u00e9galement les cas de deux jeunes talents de la s\u00e9lection, Anis Hadj Moussa et Ibrahim Maza.<\/p>\n<p>Une mentalit\u00e9 intacte malgr\u00e9 les enjeux<\/p>\n<p style=\"text-align: justify;\" data-start=\"304\" data-end=\"493\">Face \u00e0 la presse, le s\u00e9lectionneur assure que l\u2019\u00e9tat d\u2019esprit du groupe reste inchang\u00e9 \u00e0 l\u2019approche de ce rendez-vous d\u00e9cisif : \u00ab La mentalit\u00e9 n\u2019a pas chang\u00e9. Il y a la m\u00eame envie et la m\u00eame d\u00e9termination pour gagner le prochain match.\u00a0Nous pensons toujours au prochain pas, jamais plus loin. \u00bb<\/p>\n<p>Une progression continue, sans exc\u00e8s de confiance<\/p>\n<p style=\"text-align: justify;\" data-start=\"733\" data-end=\"924\">Conscient de la dynamique positive actuelle, le s\u00e9lectionneur alg\u00e9rien insiste toutefois sur la n\u00e9cessit\u00e9 de garder les pieds sur terre et de consid\u00e9rer chaque match comme une nouvelle \u00e9tape : \u00ab Les r\u00e9sultats obtenus nous donnent de la confiance et de la positivit\u00e9, mais ce n\u2019est pas un point d\u2019arriv\u00e9e. Nous travaillons aujourd\u2019hui pour \u00eatre meilleurs demain. \u00bb<\/p>\n<p>Maza et Hadj Moussa, symboles de l\u2019avenir<\/p>\n<p style=\"text-align: justify;\" data-start=\"1160\" data-end=\"1369\">Interrog\u00e9 sur les deux Fennecs, Petkovic a soulign\u00e9 l\u2019importance de cette CAN dans leur d\u00e9veloppement, estimant que cette exp\u00e9rience internationale sera d\u00e9terminante pour leur progression : \u00ab Ce sont deux joueurs jeunes et tr\u00e8s talentueux qui repr\u00e9sentent l\u2019avenir du football alg\u00e9rien. Leur premi\u00e8re grande comp\u00e9tition est essentielle et leur donnera un \u00e9lan suppl\u00e9mentaire pour progresser. \u00bb<\/p>\n<p>Une RD Congo solide et bien organis\u00e9e<\/p>\n<p style=\"text-align: justify;\" data-start=\"2022\" data-end=\"2191\">Petkovic n\u2019a pas minimis\u00e9 la qualit\u00e9 de la s\u00e9lection congolaise, mettant en avant sa rigueur tactique tout en affirmant que son \u00e9quipe a identifi\u00e9 des axes exploitables : \u00ab C\u2019est une \u00e9quipe solide, forte dans les deux phases de jeu, avec beaucoup de compacit\u00e9 pendant 90 minutes. Il y a des points forts chez eux, mais aussi des choses que nous pouvons exploiter. \u00bb<\/p>\n<p>Une CAN plus disput\u00e9e que jamais<\/p>\n<p style=\"text-align: justify;\" data-start=\"2442\" data-end=\"2620\">Pour le technicien suisse, cette \u00e9dition de la Coupe d\u2019Afrique des nations se distingue par son extr\u00eame comp\u00e9titivit\u00e9, o\u00f9 aucun match n\u2019est gagn\u00e9 d\u2019avance, m\u00eame pour les favoris : \u00ab Cette comp\u00e9tition est tr\u00e8s \u00e9quilibr\u00e9e. Tous les matchs se jouent sur de petits \u00e9carts, m\u00eame les \u00e9quipes favorites ont rencontr\u00e9 des difficult\u00e9s. Cela vaut aussi pour nous. \u00bb<\/p>\n<p>Respect sans crainte<\/p>\n<p style=\"text-align: justify;\" data-start=\"2834\" data-end=\"3000\">\u00c0 la veille de ce huiti\u00e8me de finale, Petkovic a clairement d\u00e9fini l\u2019attitude qu\u2019il attend de ses joueurs : respecter l\u2019adversaire sans jamais renier leurs ambitions : \u00ab Le respect est obligatoire, mais la peur n\u2019existe pas pour moi.\u00a0Je veux avant tout une \u00e9quipe alg\u00e9rienne qui joue ensemble et qui impose son jeu. \u00bb<\/p>\n<p>Le collectif avant tout<\/p>\n<p style=\"text-align: justify;\" data-start=\"3197\" data-end=\"3371\">Enfin, le s\u00e9lectionneur est convaincu que seule une \u00e9quipe soud\u00e9e peut aller loin dans cette CAN : \u00ab Les individualit\u00e9s sont importantes, mais le plus important reste toujours l\u2019\u00e9quipe. Une \u00e9quipe forte doit fonctionner comme un bloc. \u00bb<\/p>\n<p data-start=\"3197\" data-end=\"3371\">LIRE EGALEMENT : <a href=\"https:\/\/lagazettedufennec.com\/algerie-rd-congo-j-1-can-2025-la-conference-davant-match-de-petkovic-et-bennacer\/\" rel=\"nofollow noopener\" target=\"_blank\">Alg\u00e9rie-RD Congo (J-1) \/ CAN 2025 : La conf\u00e9rence d\u2019avant-match de Petkovic et Bennacer<\/a><\/p>\n","protected":false},"excerpt":{"rendered":"En marge du choc \u00e0 venir face \u00e0 la RD Congo, le s\u00e9lectionneur Vladimir Petkovic s\u2019est exprim\u00e9 en&hellip;\n","protected":false},"author":2,"featured_media":4981,"comment_status":"","ping_status":"","sticky":false,"template":"","format":"standard","meta":{"footnotes":""},"categories":[254],"tags":[255,3865,3866,3867,3868,1271],"class_list":{"0":"post-4980","1":"post","2":"type-post","3":"status-publish","4":"format-standard","5":"has-post-thumbnail","7":"category-algerie","8":"tag-algerie","9":"tag-petkovic","10":"tag-petkovic-algu00e9rie","11":"tag-petkovic-algu00e9rie-rd-congo","12":"tag-petkovic-can-2025","13":"tag-vladimir-petkovic"},"share_on_mastodon":{"url":"","error":""},"_links":{"self":[{"href":"https:\/\/www.europesays.com\/africa\/wp-json\/wp\/v2\/posts\/4980","targetHints":{"allow":["GET"]}}],"collection":[{"href":"https:\/\/www.europesays.com\/africa\/wp-json\/wp\/v2\/posts"}],"about":[{"href":"https:\/\/www.europesays.com\/africa\/wp-json\/wp\/v2\/types\/post"}],"author":[{"embeddable":true,"href":"https:\/\/www.europesays.com\/africa\/wp-json\/wp\/v2\/users\/2"}],"replies":[{"embeddable":true,"href":"https:\/\/www.europesays.com\/africa\/wp-json\/wp\/v2\/comments?post=4980"}],"version-history":[{"count":0,"href":"https:\/\/www.europesays.com\/africa\/wp-json\/wp\/v2\/posts\/4980\/revisions"}],"wp:featuredmedia":[{"embeddable":true,"href":"https:\/\/www.europesays.com\/africa\/wp-json\/wp\/v2\/media\/4981"}],"wp:attachment":[{"href":"https:\/\/www.europesays.com\/africa\/wp-json\/wp\/v2\/media?parent=4980"}],"wp:term":[{"taxonomy":"category","embeddable":true,"href":"https:\/\/www.europesays.com\/africa\/wp-json\/wp\/v2\/categories?post=4980"},{"taxonomy":"post_tag","embeddable":true,"href":"https:\/\/www.europesays.com\/africa\/wp-json\/wp\/v2\/tags?post=4980"}],"curies":[{"name":"wp","href":"https:\/\/api.w.org\/{rel}","templated":true}]}}