{"id":5009,"date":"2026-01-05T12:47:07","date_gmt":"2026-01-05T12:47:07","guid":{"rendered":"https:\/\/www.europesays.com\/africa\/5009\/"},"modified":"2026-01-05T12:47:07","modified_gmt":"2026-01-05T12:47:07","slug":"les-sept-points-communs-entre-france-1998-et-maroc-2026-can-2025-8es-maroc-tanzanie-1-0","status":"publish","type":"post","link":"https:\/\/www.europesays.com\/africa\/5009\/","title":{"rendered":"Les sept points communs entre France 1998 et Maroc 2026 &#8211; CAN 2025 &#8211; 8es &#8211; Maroc-Tanzanie (1-0)"},"content":{"rendered":"<p>\t\t\t1. Comme \u00e0 la maison<\/p>\n<p>Pour organiser cette Coupe d\u2019Afrique des nations, <a target=\"_blank\" href=\"https:\/\/www.sofoot.com\/articles\/la-communion-du-maroc-pour-le-match-douverture-de-la-coupe-dafrique-des-nations-face-aux-comores\" rel=\"nofollow noopener\">le Maroc a mis les petits plats dans les grands<\/a> et compte bien communier avec son peuple au soir du 18 janvier apr\u00e8s avoir remis la main sur le troph\u00e9e continental, cinquante ans apr\u00e8s. Comme la France en 1998, qui venait de voir sortir de terre le Stade de France, les Lions de l\u2019Atlas ont le privil\u00e8ge de faire briller <a target=\"_blank\" href=\"https:\/\/www.sofoot.com\/articles\/coupe-dafrique-des-nations-2025-on-etait-a-linauguration-du-stade-prince-moulay-abdellah-a-rabat-pour-le-match-maroc-niger\" rel=\"nofollow noopener\">le stade Moulay-Abdellah, enceinte flambant neuve<\/a>. Seule ombre au tableau, alors que les Bleus vadrouillaient entre Marseille et Lens en passant par Saint-Denis, seule la ville de Rabat a, pour l\u2019instant, le privil\u00e8ge de suivre la troupe de Walid Regragui. Raison de plus pour aller en finale et visiter Casablanca.<\/p>\n<p>2. \u00ab\u00a0On en a\u2026 plein les fouilles !\u00a0\u00bb<\/p>\n<p>Depuis dimanche soir, <a target=\"_blank\" href=\"https:\/\/www.sofoot.com\/breves\/can-2025-eliminee-par-le-maroc-la-tanzanie-decue-de-larbitrage\" rel=\"nofollow noopener\">la Tanzanie crie \u00e0 l\u2019arbitrage maison<\/a> apr\u00e8s l\u2019\u00e9limination face au Maroc (1-0). Un huiti\u00e8me de finale qui s\u2019est termin\u00e9 dans le chaos en raison d\u2019un contact non sanctionn\u00e9 entre Adam Masina et Iddy Nado dans la surface. La VAR ne fonctionnait peut-\u00eatre pas, apr\u00e8s tout\u2026 La bande d\u2019Aim\u00e9 Jacquet ne peut pas vraiment \u00eatre accus\u00e9e de triche vis-\u00e0-vis des hommes en noir puisqu\u2019elle a tout de m\u00eame \u00e9cop\u00e9 de trois cartons rouge durant le Mondial 98. C\u2019est plut\u00f4t avant la comp\u00e9tition que des choses louches se sont pass\u00e9es. Michel Platini, alors co-pr\u00e9sident du Comit\u00e9 fran\u00e7ais d\u2019organisation du Mondial, a reconnu, en 2018, que les dirigeants s\u2019\u00e9taient arrang\u00e9s pour que les routes de la France et du Br\u00e9sil ne se croisent pas avant la finale. \u00ab\u00a0On ne s\u2019est pas emmerd\u00e9 pendant six ans \u00e0 organiser la Coupe du monde pour ne pas faire quelques petites magouilles, <a target=\"_blank\" href=\"https:\/\/www.sofoot.com\/breves\/la-petite-magouille-de-platini-pour-eviter-le-bresil-en-1998-coupe-du-monde-france\" rel=\"nofollow noopener\">avouait-il \u00e0 France Bleu<\/a>. Vous pensez que les autres ne le faisaient pas dans les autres Coupes du monde ? Tu penses\u2026\u00a0\u00bb Vingt ans apr\u00e8s, il y a prescription, non ?<\/p>\n<p>3. D\u00e9fense de fer<\/p>\n<p>Quatre matchs, un petit but encaiss\u00e9. Yassine Bounou et Fabien Barthez ont d\u00e9marr\u00e9 leur tournoi avec le m\u00eame bilan. Les deux gardiens ont pour autre point commun de pouvoir compter sur une ossature plus que solide. Si Marcel Desailly, Frank Leb\u0153uf ou Vincent Candela \u00e9taient all\u00e9s apprendre la rigueur \u00e0 l\u2019\u00e9tranger, Nayef Aguerd, Romain Sa\u00efss ou Noussair Mazraoui entendent aussi emmener leur exp\u00e9rience europ\u00e9enne \u00e0 leur groupe. Qu\u2019importe <a target=\"_blank\" href=\"https:\/\/www.sofoot.com\/breves\/maroc-bonne-nouvelle-pour-achraf-hakimi\" rel=\"nofollow noopener\">si Achraf Hakimi n\u2019est pas \u00e0 100%<\/a>, Bixente Lizarazu avait aussi eu des gal\u00e8res physiques toute la saison avant sa masterclass de l\u2019\u00e9t\u00e9 1998. Pour pousser le mim\u00e9tisme jusqu\u2019au bout, on mise sur Masina pour imiter Thuram et planter ses deux premiers buts en s\u00e9lection en demies.<\/p>\n<p><img decoding=\"async\" loading=\"lazy\" alt=\"De gauche \u00e0 droite : Blanc, Barthez, Desailly.\" src=\"https:\/\/www.europesays.com\/africa\/wp-content\/uploads\/2026\/01\/de-gauche-a-droite-blanc-barthez-desailly.jpg\"\/>De gauche \u00e0 droite : Blanc, Barthez, Desailly.<br \/>\n4. Un tableau crescendo\u00a0<\/p>\n<p>\u00ab\u00a0 Je me rappelle toujours parce que j\u2019ai grandi en France, racontait Walid Regragui en conf\u00e9rence de presse, dimanche. 1998, quand ils ont gagn\u00e9 la Coupe du monde en France, ils gagnent en huiti\u00e8mes de finale avec un but en or contre le Paraguay, en quarts de finale ils se qualifient aux penaltys et en demi-finales, ils sont men\u00e9s 1-0 contre la Croatie et c\u2019est leur arri\u00e8re droit qui n\u2019a jamais mis un but de sa vie qui a mis deux buts.\u00a0\u00bb Le s\u00e9lectionneur marocain peut esp\u00e9rer un parcours similaire. Avec une poule simple, puis l\u2019encha\u00eenement Paraguay-Italie-Croatie-Br\u00e9sil connu de tous les plus de trente ans, les Fran\u00e7ais ont pu monter en pression au fil de la comp\u00e9t. Pour le moment, les Lions de l\u2019Atlas suivent la m\u00eame voie : groupe largement abordable, Tanzanie en huiti\u00e8mes et Cameroun au tour suivant. S\u2019ils viennent \u00e0 bout d\u2019un des \u00e9pouvantails de ces phases finales, les h\u00f4tes devraient affronter l\u2019Alg\u00e9rie, la RDC ou le Nig\u00e9ria, donc de gros morceaux. L\u2019\u00c9gypte ou le S\u00e9n\u00e9gal pourraient \u00eatre au programme en finale pour conclure un tableau de chasse prestigieux.<\/p>\n<p>5. Un tournant historique<\/p>\n<p>Quelques semaines avant le coup d\u2019envoi de la Coupe d\u2019Afrique des nations, <a target=\"_blank\" href=\"https:\/\/www.sofoot.com\/articles\/au-maroc-le-foot-au-coeur-des-manifestations-contre-le-gouvernement\" rel=\"nofollow noopener\">de nombreux Marocains sont descendus dans la rue<\/a> pour protester contre la d\u00e9gradation des services publics et de leurs conditions de vie\u2026 au profit du football. Le mouvement GenZ 212 reprochait effectivement au gouvernement de prioriser les investissements pour le sport (notamment la construction de stades et l\u2019organisation d\u2019\u00e9v\u00e9nements aussi importants que la CAN et la Coupe du monde 2030) \u00e0 ceux pour le bien-\u00eatre de la population. Opium du peuple par excellence, le foot peut-il faire oublier les probl\u00e8mes du quotidien ? Le pays l\u2019esp\u00e8re. En 1998, le mythe black-blanc-beurre avait eu le m\u00e9rite d\u2019\u00e9clipser la mont\u00e9e en puissance du Front National aux \u00e9lections r\u00e9gionales. Quatre ans plus tard, \u00e7a n\u2019explosera que plus fort.<\/p>\n<p>On est pass\u00e9 par la petite porte, mais l\u2019essentiel est de se qualifier, l\u2019histoire ne retient que \u00e7a.<\/p>\n<p>Walid Regragui, mix d\u2019Aim\u00e9 Jacquet et Didier Deschamps<br \/>\n6. Une perte d\u00e9chirante<\/p>\n<p>Christophe Dugarry \u00e9tait-il, oui ou non, s\u00e9lectionn\u00e9 en \u00e9quipe de France gr\u00e2ce \u00e0 son amiti\u00e9 avec Zin\u00e9dine Zidane ? Est-ce \u00e0 cause de la blessure de son pote une heure plus t\u00f4t que Zizou a d\u00e9goupill\u00e9 contre l\u2019Arabie saoudite ? Ces questions restent en suspens, mais l\u2019essentiel \u00e9tait ailleurs apr\u00e8s la d\u00e9chirure de huit centim\u00e8tres \u00e0 la cuisse droite de l\u2019attaquant le plus fiable du groupe France d\u00e8s la phase de groupe. Une inqui\u00e9tude similaire devait se lire sur le visage des Marocains ayant aper\u00e7u Azzedine Ounahi arrivant au stade, dimanche, en b\u00e9quille. \u00ab\u00a0Azzedine a eu une d\u00e9chirure au mollet hier (samedi) \u00e0 l\u2019entra\u00eenement, il en a pour cinq \u00e0 six semaines. (\u2026) Il a rechut\u00e9. Ce fut un moment tr\u00e8s difficile pour l\u2019\u00e9quipe, on a perdu un de nos leaders techniques, un des cadres du vestiaire\u00a0\u00bb, a souffl\u00e9 Regragui. Brahim Diaz a ainsi c\u00e9l\u00e9br\u00e9 en montrant le maillot du principal int\u00e9ress\u00e9. Si \u00e7a peut rassurer l\u2019ancien Marseillais, Duga \u00e9tait bel et bien pr\u00e9sent contre le Br\u00e9sil.<\/p>\n<p>7. L\u2019esprit critique<\/p>\n<p>Moins de quatre ans apr\u00e8s la demi-finale historique en Coupe du monde, les compteurs sont d\u00e9j\u00e0 remis \u00e0 z\u00e9ro et Walid Regragui se retrouve au pied du mur. Le s\u00e9lectionneur est vivement critiqu\u00e9 au pays, notamment en raison d\u2019une communication maladroite et d\u2019un jeu trop minimaliste. \u00c7a ne vous rappelle rien ? Aim\u00e9 Jacquet peut aider son cadet \u00e0 faire taire les m\u00e9disants et \u00e0 retourner la veste des journalistes. \u00ab\u00a0Avez-vous interdit \u00e0 vos joueurs de frapper au but ?\u00a0\u00bb, a \u00e9t\u00e9 s\u00e9rieusement demand\u00e9 au s\u00e9lectionneur marocain en conf\u00e9rence de presse apr\u00e8s le nul contre le Mali (1-1), comme aurait pu l\u2019\u00e9crire G\u00e9rard Ejn\u00e8s dans les colonnes de L\u2019\u00c9quipe au mitan des ann\u00e9es 90. Et peut-\u00eatre que le 19 janvier 2026, le Maroc se r\u00e9veillera en ne pensant la victoire que comme unique finalit\u00e9, ne se souciant plus jamais du chemin emprunt\u00e9. \u00ab\u00a0On est pass\u00e9 par la petite porte, mais l\u2019essentiel est de se qualifier, l\u2019histoire ne retient que \u00e7a\u00a0\u00bb, a clam\u00e9 Regragui, dimanche, posant la premi\u00e8re pierre d\u2019une id\u00e9ologie qui f\u00eatera bient\u00f4t ses 30 ans en France.<\/p>\n<p>\t\t\t\t\t\t\t\t\t\t<a class=\"lien-connexe\" href=\"https:\/\/www.sofoot.com\/breves\/can-2025-eliminee-par-le-maroc-la-tanzanie-decue-de-larbitrage\" rel=\"nofollow noopener\" target=\"_blank\">\u00c9limin\u00e9e par le pays h\u00f4te, la Tanzanie est d\u00e9\u00e7ue de l\u2019arbitrage<\/a>\t\t\t\t\t<\/p>\n","protected":false},"excerpt":{"rendered":"1. Comme \u00e0 la maison Pour organiser cette Coupe d\u2019Afrique des nations, le Maroc a mis les petits&hellip;\n","protected":false},"author":2,"featured_media":5010,"comment_status":"","ping_status":"","sticky":false,"template":"","format":"standard","meta":{"footnotes":""},"categories":[41],"tags":[1213,1211,1219,1215,1214,311,1218,1216,158,1212,1080,1217],"class_list":{"0":"post-5009","1":"post","2":"type-post","3":"status-publish","4":"format-standard","5":"has-post-thumbnail","7":"category-maroc","8":"tag-actualite","9":"tag-actus-football","10":"tag-bundesliga","11":"tag-championnats-europeens","12":"tag-equipe-de-france","13":"tag-football","14":"tag-ligua","15":"tag-ligue-1","16":"tag-maroc","17":"tag-news-foot","18":"tag-premier-league","19":"tag-serie-a"},"share_on_mastodon":{"url":"","error":""},"_links":{"self":[{"href":"https:\/\/www.europesays.com\/africa\/wp-json\/wp\/v2\/posts\/5009","targetHints":{"allow":["GET"]}}],"collection":[{"href":"https:\/\/www.europesays.com\/africa\/wp-json\/wp\/v2\/posts"}],"about":[{"href":"https:\/\/www.europesays.com\/africa\/wp-json\/wp\/v2\/types\/post"}],"author":[{"embeddable":true,"href":"https:\/\/www.europesays.com\/africa\/wp-json\/wp\/v2\/users\/2"}],"replies":[{"embeddable":true,"href":"https:\/\/www.europesays.com\/africa\/wp-json\/wp\/v2\/comments?post=5009"}],"version-history":[{"count":0,"href":"https:\/\/www.europesays.com\/africa\/wp-json\/wp\/v2\/posts\/5009\/revisions"}],"wp:featuredmedia":[{"embeddable":true,"href":"https:\/\/www.europesays.com\/africa\/wp-json\/wp\/v2\/media\/5010"}],"wp:attachment":[{"href":"https:\/\/www.europesays.com\/africa\/wp-json\/wp\/v2\/media?parent=5009"}],"wp:term":[{"taxonomy":"category","embeddable":true,"href":"https:\/\/www.europesays.com\/africa\/wp-json\/wp\/v2\/categories?post=5009"},{"taxonomy":"post_tag","embeddable":true,"href":"https:\/\/www.europesays.com\/africa\/wp-json\/wp\/v2\/tags?post=5009"}],"curies":[{"name":"wp","href":"https:\/\/api.w.org\/{rel}","templated":true}]}}