{"id":501,"date":"2026-01-03T14:36:11","date_gmt":"2026-01-03T14:36:11","guid":{"rendered":"https:\/\/www.europesays.com\/africa\/501\/"},"modified":"2026-01-03T14:36:11","modified_gmt":"2026-01-03T14:36:11","slug":"afrique-revue-de-presse-de-lafrique-francophone-du-03-janvier-2026","status":"publish","type":"post","link":"https:\/\/www.europesays.com\/africa\/501\/","title":{"rendered":"Afrique: Revue de presse de l&#8217;Afrique Francophone du 03 janvier 2026"},"content":{"rendered":"<p class=\"story-body-text\" data-para-word-count=\"12\">CAN 2025 : Le Soudan se pr\u00e9pare \u00e0 affronter le S\u00e9n\u00e9gal samedi<\/p>\n<p class=\"story-body-text\" data-para-word-count=\"23\">L\u2019\u00e9quipe de football du Soudan s&#8217;est entra\u00een\u00e9e vendredi \u00e0 Tanger au Maroc, \u00e0 la veille de son huiti\u00e8me de finale contre le S\u00e9n\u00e9gal.<\/p>\n<p class=\"story-body-text\" data-para-word-count=\"36\">Les &#8220;Faucons de Jediane&#8221; ont termin\u00e9 \u00e0 la troisi\u00e8me place du groupe E en battant la Guin\u00e9e \u00e9quatoriale lors de leur deuxi\u00e8me match du groupe E, apr\u00e8s avoir \u00e9t\u00e9 battus par l&#8217;Alg\u00e9rie et le Burkina Faso.<\/p>\n<p class=\"story-body-text\" data-para-word-count=\"33\">Le Soudan a remport\u00e9 le tournoi en 1970, mais n&#8217;a franchi la phase de groupes qu&#8217;une seule fois depuis son unique victoire, en 2012, lorsqu&#8217;il a atteint les quarts de finale. [Source Africanews]<\/p>\n<p class=\"story-body-text\" style=\"text-align: center;\">\n<p>Restez inform\u00e9 des derniers gros titres sur <a href=\"https:\/\/whatsapp.com\/channel\/0029Vae09IP4inotqC0BUQ2V\" target=\"_blank\" rel=\"nofollow noopener\">WhatsApp<\/a> | <a href=\"https:\/\/www.linkedin.com\/company\/allafrica\/\" target=\"_blank\" rel=\"nofollow noopener\">LinkedIn<\/a><\/p>\n<p class=\"story-body-text\" data-para-word-count=\"11\">Gambie : 7 morts dans le naufrage d\u2019une embarcation de migrants<\/p>\n<p class=\"story-body-text\" data-para-word-count=\"45\">Le pr\u00e9sident Adama Barrow a annonc\u00e9 vendredi qu\u2019un bateau transportant des migrants irr\u00e9guliers a chavir\u00e9 la nuit du r\u00e9veillon au large de la c\u00f4te nord du pays, faisant au moins sept morts, tandis que 102 personnes ont \u00e9t\u00e9 secourues et que les recherches se poursuivent.<\/p>\n<p class=\"story-body-text\" data-para-word-count=\"47\">Au moins sept personnes ont p\u00e9ri et 102 autres ont \u00e9t\u00e9 secourues apr\u00e8s le naufrage d\u2019une embarcation transportant des migrants irr\u00e9guliers au large du village de Jinack, dans la r\u00e9gion de North Bank, a annonc\u00e9 vendredi le pr\u00e9sident gambien Adama Barrow dans une adresse \u00e0 la Nation.<\/p>\n<p class=\"story-body-text\" data-para-word-count=\"53\">Le drame s\u2019est produit \u00ab vers minuit \u00bb le soir du 31 d\u00e9cembre 2025, selon le chef de l\u2019\u00c9tat, qui a pr\u00e9cis\u00e9 que \u00ab sept corps ont \u00e9t\u00e9 r\u00e9cup\u00e9r\u00e9s \u00bb mais que \u00ab les op\u00e9rations de recherche et de sauvetage se poursuivent pour localiser ceux qui sont toujours port\u00e9s disparus \u00bb. [Source Apanews]<\/p>\n<p class=\"story-body-text\" data-para-word-count=\"17\">Pr\u00e9sidentielle en Centrafrique &#8211; Anicet-Georges Dologu\u00e9l\u00e9 revendique la victoire et d\u00e9nonce une &#8220;tentative de tripatouillage des r\u00e9sultats&#8221;<\/p>\n<p class=\"story-body-text\" data-para-word-count=\"25\">Anicet-Georges Dologu\u00e9l\u00e9, principal opposant au pr\u00e9sident de la Centrafrique Faustin-Archange Touad\u00e9ra, a revendiqu\u00e9 vendredi 2 janvier sa victoire \u00e0 l\u2019\u00e9lection pr\u00e9sidentielle face au pr\u00e9sident sortant.<\/p>\n<p class=\"story-body-text\" data-para-word-count=\"36\">En Centrafrique, Anicet-Georges Dologu\u00e9l\u00e9, principal opposant au pr\u00e9sident sortant Faustin-Archange Touad\u00e9r\u00e9, a revendiqu\u00e9 vendredi 2 janvier sa victoire \u00e0 l\u2019\u00e9lection pr\u00e9sidentielle et d\u00e9nonc\u00e9 des irr\u00e9gularit\u00e9s majeures dans le scrutin organis\u00e9 dimanche 28 d\u00e9cembre en R\u00e9publique centrafricaine.<\/p>\n<p class=\"story-body-text\" data-para-word-count=\"49\">Candidat pour la troisi\u00e8me fois cons\u00e9cutive, apr\u00e8s avoir termin\u00e9 deux fois dauphin du pr\u00e9sident sortant Faustin-Archange Touad\u00e9ra en 2016 et 2021, Anicet-Georges Dologu\u00e9l\u00e9 affrontait une nouvelle fois le chef de l\u2019\u00c9tat, favori pour un troisi\u00e8me mandat, lors d\u2019un quadruple scrutin comprenant pr\u00e9sidentielle, l\u00e9gislatives, municipales et r\u00e9gionales. [Source Africa Radio]<\/p>\n<p class=\"story-body-text\" data-para-word-count=\"13\">Kenya : Effondrement spectaculaire d\u2019un immeuble en construction de 16 \u00e9tages \u00e0 Nairobi<\/p>\n<p class=\"story-body-text\" data-para-word-count=\"41\">Un immeuble de seize \u00e9tages en construction s\u2019est effondr\u00e9 ce vendredi \u00e0 Nairobi, la capitale du Kenya, provoquant une vive mobilisation des services de secours et ravivant les inqui\u00e9tudes r\u00e9currentes sur la s\u00e9curit\u00e9 des chantiers et des b\u00e2timents dans la ville.<\/p>\n<p class=\"story-body-text\" data-para-word-count=\"44\">Le drame s\u2019est produit dans le quartier de South C, une zone urbaine dense et en pleine expansion immobili\u00e8re. D\u2019apr\u00e8s les premi\u00e8res informations, plusieurs personnes se trouvaient \u00e0 l\u2019int\u00e9rieur du b\u00e2timent au moment de l\u2019effondrement et ont \u00e9t\u00e9 prises au pi\u00e8ge sous les d\u00e9combres.<\/p>\n<p class=\"story-body-text\" data-para-word-count=\"26\">Des \u00e9quipes de secours, appuy\u00e9es par des volontaires et des riverains, ont imm\u00e9diatement \u00e9t\u00e9 d\u00e9ploy\u00e9es sur le site pour tenter de retrouver d\u2019\u00e9ventuels survivants. [Source Afrik.com]<\/p>\n<p class=\"story-body-text\" data-para-word-count=\"11\">Ghana : L\u2019\u00c9tat d\u00e9cide la fin du programme avec le FMI<\/p>\n<p class=\"story-body-text\" data-para-word-count=\"58\">Le Ghana s\u2019engage \u00e0 r\u00e9duire sa d\u00e9pendance \u00e0 l\u2019aide financi\u00e8re ext\u00e9rieure et \u0153uvre au r\u00e9tablissement de la stabilit\u00e9 \u00e9conomique et de la confiance publique. Lors de son allocution du Nouvel An, le pr\u00e9sident John Dramani Mahama a annonc\u00e9 que son gouvernement pr\u00e9parait la sortie du programme du FMI, tout en veillant \u00e0 pr\u00e9server la cr\u00e9dibilit\u00e9 \u00e9conomique du pays.<\/p>\n<p class=\"story-body-text\" data-para-word-count=\"31\">Depuis 2023, le Ghana est soutenu par ce programme du FMI, mis en place pour stabiliser l\u2019\u00e9conomie suite \u00e0 une inflation galopante, la d\u00e9pr\u00e9ciation du cedi et l\u2019\u00e9puisement des r\u00e9serves budg\u00e9taires.<\/p>\n<p class=\"story-body-text\" data-para-word-count=\"41\">Le pr\u00e9sident John Dramani Mahama a indiqu\u00e9 que le Ghana avait achev\u00e9 la ren\u00e9gociation de sa dette selon des modalit\u00e9s qui prot\u00e8gent sa souverainet\u00e9 tout en garantissant sa viabilit\u00e9, tout en r\u00e9tablissant sa cr\u00e9dibilit\u00e9 aupr\u00e8s des partenaires internationaux. [Source Africa 24]<\/p>\n<p class=\"story-body-text\" data-para-word-count=\"14\">Gabon : Justice, corruption et restitution des biens, le message de fermet\u00e9 d\u2019Oligui Nguema\u00a0<\/p>\n<p class=\"story-body-text\" data-para-word-count=\"63\">Dans son discours de v\u0153ux \u00e0 la Nation, le pr\u00e9sident Brice Clotaire Oligui Nguema a adress\u00e9 un signal politique fort \u00e0 l\u2019opinion publique et aux institutions. En \u00e9voquant le proc\u00e8s Bongo-Valentin et les poursuites \u00e0 venir, le Chef de l\u2019\u00c9tat inscrit la lutte contre la corruption et l\u2019impunit\u00e9 au c\u0153ur de la Cinqui\u00e8me R\u00e9publique, assumant une rupture nette avec les pratiques du pass\u00e9.<\/p>\n<p class=\"story-body-text\" data-para-word-count=\"72\">\u00ab Ce proc\u00e8s, quelles que soient les appr\u00e9ciations, a permis de mettre en lumi\u00e8re l\u2019ampleur du pr\u00e9judice subi par notre Nation \u00bb, a d\u00e9clar\u00e9 le Pr\u00e9sident. Au-del\u00e0 des personnes mises en cause, l\u2019ex\u00e9cutif pr\u00e9sente cette proc\u00e9dure comme un moment de clarification historique : une \u00e9conomie fragilis\u00e9e, une dette abyssale, une administration affaiblie. Autant de constats qui justifieraient, aux yeux du pouvoir, une r\u00e9ponse judiciaire \u00e0 la hauteur des d\u00e9rives constat\u00e9es. [Source GabonMediaTime]<\/p>\n<p class=\"story-body-text\" data-para-word-count=\"15\">Le conducteur du boxeur britannique star Anthony Joshua inculp\u00e9 apr\u00e8s un accident mortel au Nigeria<\/p>\n<p class=\"story-body-text\" data-para-word-count=\"30\">Alors que l\u2019enqu\u00eate se poursuit, la vitesse excessive et l\u2019\u00e9clatement d\u2019un pneu sont au c\u0153ur des circonstances du drame ayant co\u00fbt\u00e9 la vie \u00e0 deux membres de l\u2019entourage d\u2019Anthony Joshua.<\/p>\n<p class=\"story-body-text\" data-para-word-count=\"43\">La police nig\u00e9riane a annonc\u00e9 vendredi 2 janvier l\u2019inculpation du conducteur du v\u00e9hicule dans lequel se trouvait le boxeur britannique star Anthony Joshua lors de l\u2019accident qui a tu\u00e9 deux de ses proches, notamment pour conduite \u00ab dangereuse \u00bb. [Source Le Monde Afrique]<\/p>\n<p class=\"story-body-text\" data-para-word-count=\"14\">Est libyen : Face \u00e0 l&#8217;\u00c9gypte, le mar\u00e9chal Haftar se cherche de nouveaux alli\u00e9s<\/p>\n<p class=\"story-body-text\" data-para-word-count=\"43\">Les derni\u00e8res semaines de 2025 ont \u00e9t\u00e9 marqu\u00e9es par un regain de tensions entre l\u2019\u00c9gypte et le mar\u00e9chal libyen Khalifa Haftar, qui contr\u00f4le l\u2019est et le sud de la Libye. \u00c0 l\u2019origine du diff\u00e9rend : l\u2019implication du clan Haftar dans le conflit soudanais.<\/p>\n<p class=\"story-body-text\" data-para-word-count=\"63\">Selon Le Caire, Haftar, incit\u00e9 par Abou Dhabi, fournit un soutien logistique aux paramilitaires soudanais des Forces de soutien rapide (FSR), en guerre contre l\u2019arm\u00e9e r\u00e9guli\u00e8re. Le sud libyen s\u2019est ainsi transform\u00e9 en base arri\u00e8re, acheminant armes, carburant et mercenaires via le Darfour.\u00a0L\u2019\u00c9gypte, inqui\u00e8te pour ses fronti\u00e8res sud et ouest, multiplie les messages diplomatiques afin d&#8217;inciter Haftar \u00e0 temp\u00e9rer son action. [Source RFI]<\/p>\n<p class=\"story-body-text\" data-para-word-count=\"12\">La RDC au Conseil de s\u00e9curit\u00e9 : Qu\u2019est-ce que \u00e7a change ?<\/p>\n<p class=\"story-body-text\" data-para-word-count=\"43\">Pour certains analystes comme Justin Kamilolo de la dynamique des politologues, la Dypro, la pr\u00e9sence de la RDC au Conseil de s\u00e9curit\u00e9 ne p\u00e8sera pas dans les prises de d\u00e9cision quant \u00e0 un r\u00e8glement de la situation s\u00e9curitaire dans l\u2019est de la RDC.<\/p>\n<p class=\"story-body-text\" data-para-word-count=\"44\">Selon lui, &#8220;le fait d\u2019\u00eatre membre non-permanent ne signifie absolument rien dans la mesure o\u00f9 beaucoup d\u2019accords ont \u00e9t\u00e9 sign\u00e9s, lesquels accords ont \u00e9t\u00e9 du reste parrain\u00e9 par les cinq membres permanents du conseil mais cela n\u2019a pas chang\u00e9 la donne sur le terrain&#8221;.<\/p>\n<p class=\"story-body-text\" data-para-word-count=\"66\">Il faut rester vigilant, rester calme et ne pas s\u2019affoler du fait d\u2019\u00eatre au niveau du conseil de s\u00e9curit\u00e9&#8221; met-il en garde. Justin Kamilolo conseille \u00e0 la RDC de &#8220;plut\u00f4t faire avancer les choses, parler avec les grands et montrer qu\u2019on est pr\u00eat \u00e0 n\u00e9gocier et \u00e0 faire des concessions pour faire \u00e9voluer la situation \u00e0 l\u2019Est de la R\u00e9publique d\u00e9mocratique du Congo&#8221;. [Source Deutsche Welle]<\/p>\n<p class=\"story-body-text\" data-para-word-count=\"12\">B\u00e9nin : Les journ\u00e9es du 8 et 9 janvier 2026 d\u00e9clar\u00e9es f\u00e9ri\u00e9es<\/p>\n<p class=\"story-body-text\" data-para-word-count=\"25\">Le gouvernement b\u00e9ninois a annonc\u00e9 que les journ\u00e9es du 8 et du 9 janvier 2026 seront f\u00e9ri\u00e9es, ch\u00f4m\u00e9es et pay\u00e9es sur l\u2019ensemble du territoire national.<\/p>\n<p class=\"story-body-text\" data-para-word-count=\"36\">Cette d\u00e9cision, rendue publique par un communiqu\u00e9 officiel, s\u2019inscrit dans le cadre de la c\u00e9l\u00e9bration nationale des religions traditionnelles ou endog\u00e8nes, une initiative visant \u00e0 reconna\u00eetre et valoriser ce pan important du patrimoine culturel du pays.<\/p>\n<p class=\"story-body-text\" data-para-word-count=\"54\">Selon le communiqu\u00e9 relay\u00e9 par la radio et la t\u00e9l\u00e9vision publiques, ces deux journ\u00e9es seront consacr\u00e9es aux manifestations et aux rites li\u00e9s aux croyances traditionnelles. Le gouvernement invite ainsi l\u2019ensemble des populations \u00e0 participer pleinement aux c\u00e9r\u00e9monies et aux activit\u00e9s culturelles pr\u00e9vues, tout en respectant les r\u00e8gles de s\u00e9curit\u00e9 et d\u2019ordre public. [Source Beninwetv]<\/p>\n","protected":false},"excerpt":{"rendered":"CAN 2025 : Le Soudan se pr\u00e9pare \u00e0 affronter le S\u00e9n\u00e9gal samedi L\u2019\u00e9quipe de football du Soudan s&#8217;est&hellip;\n","protected":false},"author":2,"featured_media":502,"comment_status":"","ping_status":"","sticky":false,"template":"","format":"standard","meta":{"footnotes":""},"categories":[62],"tags":[63,64,651,654,83,657,648,650,652,265,321,262,649,532,656,79,268,653,80,362,655,165,96,122,322,261,159,264,324,263,266,325],"class_list":{"0":"post-501","1":"post","2":"type-post","3":"status-publish","4":"format-standard","5":"has-post-thumbnail","7":"category-afrique","8":"tag-africa","9":"tag-afrique","10":"tag-arts","11":"tag-benin","12":"tag-business","13":"tag-central-africa","14":"tag-central-african-republic","15":"tag-congo-kinshasa","16":"tag-culture-and-entertainment","17":"tag-current-events","18":"tag-east-africa","19":"tag-economy","20":"tag-external-relations","21":"tag-gabon","22":"tag-gambia","23":"tag-ghana","24":"tag-governance","25":"tag-international-organizations-and-africa","26":"tag-kenya","27":"tag-legal-and-judicial-affairs","28":"tag-migration","29":"tag-morocco","30":"tag-news","31":"tag-nigeria","32":"tag-north-africa","33":"tag-politics","34":"tag-senegal","35":"tag-sports","36":"tag-sudan","37":"tag-trade","38":"tag-travel","39":"tag-west-africa"},"share_on_mastodon":{"url":"","error":""},"_links":{"self":[{"href":"https:\/\/www.europesays.com\/africa\/wp-json\/wp\/v2\/posts\/501","targetHints":{"allow":["GET"]}}],"collection":[{"href":"https:\/\/www.europesays.com\/africa\/wp-json\/wp\/v2\/posts"}],"about":[{"href":"https:\/\/www.europesays.com\/africa\/wp-json\/wp\/v2\/types\/post"}],"author":[{"embeddable":true,"href":"https:\/\/www.europesays.com\/africa\/wp-json\/wp\/v2\/users\/2"}],"replies":[{"embeddable":true,"href":"https:\/\/www.europesays.com\/africa\/wp-json\/wp\/v2\/comments?post=501"}],"version-history":[{"count":0,"href":"https:\/\/www.europesays.com\/africa\/wp-json\/wp\/v2\/posts\/501\/revisions"}],"wp:featuredmedia":[{"embeddable":true,"href":"https:\/\/www.europesays.com\/africa\/wp-json\/wp\/v2\/media\/502"}],"wp:attachment":[{"href":"https:\/\/www.europesays.com\/africa\/wp-json\/wp\/v2\/media?parent=501"}],"wp:term":[{"taxonomy":"category","embeddable":true,"href":"https:\/\/www.europesays.com\/africa\/wp-json\/wp\/v2\/categories?post=501"},{"taxonomy":"post_tag","embeddable":true,"href":"https:\/\/www.europesays.com\/africa\/wp-json\/wp\/v2\/tags?post=501"}],"curies":[{"name":"wp","href":"https:\/\/api.w.org\/{rel}","templated":true}]}}