{"id":505,"date":"2026-01-03T14:38:12","date_gmt":"2026-01-03T14:38:12","guid":{"rendered":"https:\/\/www.europesays.com\/africa\/505\/"},"modified":"2026-01-03T14:38:12","modified_gmt":"2026-01-03T14:38:12","slug":"karima-khatim-lelue-100-algerie-qui-veut-gouverner-en-france","status":"publish","type":"post","link":"https:\/\/www.europesays.com\/africa\/505\/","title":{"rendered":"Karima Khatim, l\u2019\u00e9lue \u00ab100% Alg\u00e9rie\u00bb qui veut gouverner en France"},"content":{"rendered":"<p class=\"default__StyledText-sc-10mj2vp-0 CxBBS body-paragraph\">Karima Khatim, la conseill\u00e8re municipale du Blanc-Mesnil (93) a claqu\u00e9 la porte de La France insoumise (LFI) ce 30 d\u00e9cembre 2025. Pr\u00e9sidente de la F\u00e9d\u00e9ration franco-alg\u00e9rienne de consolidation et du renouveau\u2013 ex-Association d\u2019amiti\u00e9 franco-alg\u00e9rienne (AFA)\u2013 elle revendique haut et fort une double identit\u00e9 totale: \u00abnous sommes 100% Fran\u00e7ais et 100% Alg\u00e9rien\u00bb affirme-t-elle au lendemain du clash dans un <a href=\"https:\/\/www.tsa-algerie.com\/la-crise-paris-alger-pese-lourd-sur-la-diaspora-algerienne-en-france\/#:~:text=En%20effet%2C%20nous%20le%20disons,la%20mont%C3%A9e%20de%20l%E2%80%99extr%C3%AAme%20droite\" target=\"_self\" rel=\"nofollow noopener\" title=\"https:\/\/www.tsa-algerie.com\/la-crise-paris-alger-pese-lourd-sur-la-diaspora-algerienne-en-france\/#:~:text=En%20effet%2C%20nous%20le%20disons,la%20mont%C3%A9e%20de%20l%E2%80%99extr%C3%AAme%20droite\">m\u00e9dia alg\u00e9rien<\/a>, martelant cette formule comme un d\u00e9fi \u00e0 quiconque en douterait. Se proclamer pleinement alg\u00e9rienne tout en \u00e9tant pleinement fran\u00e7aise serait m\u00eame un acte de r\u00e9sistance selon elle.<\/p>\n<p class=\"default__StyledText-sc-10mj2vp-0 CxBBS body-paragraph\">Mais derri\u00e8re ces termes, la v\u00e9ritable raison de son courroux est limpide: le r\u00e9gime d\u2019Alger et le Polisario. Deux diff\u00e9rends majeurs qui ont mis le feu aux poudres, impliquant deux autres femmes du mouvement insoumis. D\u2019une part, Sophia Chikirou, d\u00e9put\u00e9e LFI de Paris et proche de Jean-Luc M\u00e9lenchon, a affich\u00e9 un soutien \u00e0 un ennemi jur\u00e9 d\u2019Alger: le Mouvement pour l\u2019Autod\u00e9termination de la Kabylie (MAK). Chikirou a publiquement contest\u00e9 la classification farfelue par le r\u00e9gime d\u2019Alger du MAK en tant qu\u2019organisation terroriste, et s\u2019est \u00e9rig\u00e9e, avec beaucoup de dignit\u00e9, contre la pressentie demande du pr\u00e9sident Abdelmadjid Tebboune d\u2019\u00e9changer Christophe Gleizes, le journaliste fran\u00e7ais embastill\u00e9 en Alg\u00e9rie, contre Aksel Bellabbaci, vice-pr\u00e9sident du MAK qui vit en France. Pour Karima Khatim, voir une cadre insoumise d\u00e9fendre \u00abdes personnes insignifiantes aux yeux des Alg\u00e9riens\u00bb et soutenir ceux \u00abqui cherchent \u00e0 d\u00e9stabiliser un pays \u00e9tranger\u00bb (sous-entendu l\u2019Alg\u00e9rie) est un crime de l\u00e8se-majest\u00e9. Elle \u00e9trille donc Sofia Chikirou sur son compte X fustigeant des propos \u00abhostiles \u00e0 l\u2019Alg\u00e9rie\u00bb. En creux, Khatim reproche \u00e0 M\u00e9lenchon de ne pas avoir sanctionn\u00e9 Chikirou pour cette entorse \u00e0 ce qu\u2019elle consid\u00e8re comme la doxa: ne jamais d\u00e9plaire \u00e0 Alger.<\/p>\n<p class=\"default__StyledText-sc-10mj2vp-0 CxBBS body-paragraph\">D\u2019autre part, Rima Hassan, d\u00e9put\u00e9e europ\u00e9enne et figure de proue du parti, a commis un p\u00e9ch\u00e9 capital: elle a os\u00e9 revoir sa position sur le Sahara marocain, exprimant de plus en plus son soutien au plan marocain qu\u2019elle consid\u00e8re\u2013 une position qualifi\u00e9e de ralliement au \u00abr\u00e9gime colonialiste marocain\u00bb par Khatim. Ce revirement de Hassan, per\u00e7u comme une trahison, a \u00e9t\u00e9 v\u00e9cu par Karima Khatim comme un coup de poignard. \u00abNous l\u2019avions soutenue et accompagn\u00e9e, pensant qu\u2019elle incarnait une voix libre\u00bb, d\u00e9clare-t-elle avec amertume \u00e0 la presse alg\u00e9rienne. En clair, la conseill\u00e8re municipale reproche \u00e0 Rima Hassan d\u2019avoir retrouv\u00e9 la raison sur le Polisario, l\u00e0 o\u00f9 elle aurait voulu qu\u2019elle demeure inflexible dans le d\u00e9ni des r\u00e9alit\u00e9s. Pas de doute: toute divergence sur l\u2019Alg\u00e9rie ou le Sahara rel\u00e8ve de la faute impardonnable.<\/p>\n<p class=\"default__StyledText-sc-10mj2vp-0 CxBBS body-paragraph\">0% loyale \u00e0 la France<\/p>\n<p class=\"default__StyledText-sc-10mj2vp-0 CxBBS body-paragraph\">O\u00f9 se situe la loyaut\u00e9 d\u2019une \u00e9lue de la R\u00e9publique fran\u00e7aise qui se d\u00e9clare, dans le m\u00eame souffle, enti\u00e8rement d\u2019un autre pays? Ses propres d\u00e9clarations ne dissipent pas le doute, bien au contraire. \u00ab\u00c7a nous rassure de savoir que notre patrie l\u2019Alg\u00e9rie sera toujours derri\u00e8re nous\u00bb, confiait-elle ainsi sur Radio Alg\u00e9rie en 2023. Employer sans d\u00e9tour le terme de patrie pour parler de l\u2019Alg\u00e9rie, lorsqu\u2019on exerce un mandat \u00e9lectif en France, trahit une ubiquit\u00e9 profonde. Une formule grandiloquente cens\u00e9e illustrer un r\u00f4le de t\u00e9l\u00e9graphiste du pouvoir d\u2019Alger, mais qui r\u00e9sonne plut\u00f4t comme l\u2019aveu d\u2019une all\u00e9geance intol\u00e9rable. Sur un plateau de CNews, son z\u00e8le \u00e0 d\u00e9fendre syst\u00e9matiquement Alger lui a valu cette interpellation cinglante de l\u2019animateur: \u00abVous ne d\u00e9fendez que l\u2019Alg\u00e9rie! D\u00e9fendez la France!\u00bb. Mais elle persiste et signe, se drapant dans une posture messianique au-dessus des nations, tout en d\u00e9douanant syst\u00e9matiquement le r\u00e9gime alg\u00e9rien de ses torts.<\/p>\n<p class=\"interstitial-link block-margin-bottom\">Lire aussi : <a href=\"https:\/\/fr.le360.ma\/monde\/sabrina-sebaihi-la-deputee-francaise-qui-fait-passer-lalgerie-avant-la-france_DTFVLQIYR5AOLNKK7CCTVRMJ2U\/\" aria-label=\"Ouvrir un article associ\u00e9\" class=\"default__StyledLink-sc-10mj2vp-1 kkYPzd\" rel=\"nofollow noopener\" target=\"_blank\">Sabrina Sebaihi, la d\u00e9put\u00e9e fran\u00e7aise pro-Polisario qui fait passer l\u2019Alg\u00e9rie avant la France<\/a><\/p>\n<p class=\"default__StyledText-sc-10mj2vp-0 CxBBS body-paragraph\">Cette dualit\u00e9 assum\u00e9e fait d\u2019elle une personnalit\u00e9 pleine de contradictions, communautariste, qui pr\u00e9f\u00e8re les Franco-Alg\u00e9riens aux autres fran\u00e7ais, arriv\u00e9e en politique pour servir l\u2019Alg\u00e9rie et sa feuille de route, avec 0% de fiabilit\u00e9 si demain il faut choisir entre la France qui l\u2019a vu naitre et \u00e0 qui elle doit tout et le bled mythifi\u00e9 de ses parents. C\u2019est aussi l\u2019arch\u00e9type de ces \u00e9lus binationaux qui servent deux ma\u00eetres. Son d\u00e9part fracassant de LFI, le 30 d\u00e9cembre dernier, jette une lumi\u00e8re crue sur les tiraillements identitaires et politiques d\u2019un grand nombre de politicards franco-alg\u00e9riens.<\/p>\n<p class=\"default__StyledText-sc-10mj2vp-0 CxBBS body-paragraph\">Leur fa\u00e7ade se l\u00e9zarde \u00e0 l\u2019examen des prises de position concr\u00e8tes. Combative pour certaines causes, silencieuse sur d\u2019autres, ils naviguent \u00e0 vue en fonction des int\u00e9r\u00eats de leur \u00abautre patrie\u00bb. Ainsi, en France, Karima Khatim d\u00e9nonce bruyamment le racisme ou l\u2019islamophobie\u2013 n\u2019h\u00e9sitant pas \u00e0 instrumentaliser des drames nationaux \u00e0 des fins politiciennes. L\u2019ancien ambassadeur de France \u00e0 Alger, Xavier Driencourt, note dans son ouvrage \u00abFrance-Alg\u00e9rie, le double aveuglement\u00bb (l\u2019Observatoire, 2025) que Khatim a exploit\u00e9 la mort tragique de Nahel (jeune Franco-Alg\u00e9rien tu\u00e9 par la police) en parlant de \u00abracisme syst\u00e9mique\u00bb, exactement dans la ligne du discours officiel d\u2019Alger. Une indignation \u00e0 g\u00e9om\u00e9trie variable, car pendant qu\u2019elle fustige la France, elle se garde bien de critiquer les graves abus commis en Alg\u00e9rie.<\/p>\n<p class=\"default__StyledText-sc-10mj2vp-0 CxBBS body-paragraph\">En effet, la m\u00eame Karima Khatim affiche une bienveillance aveugle envers le r\u00e9gime alg\u00e9rien. Jamais un mot plus haut que l\u2019autre sur la r\u00e9pression massive qui s\u2019abat sur les militants kabyles ou les manifestants du Hirak en Alg\u00e9rie. Au contraire, elle relaie fid\u00e8lement la propagande d\u2019\u00c9tat, allant jusqu\u2019\u00e0 reprendre la novlangue du pouvoir alg\u00e9rien pour qualifier le MAK de \u00abgroupuscule terroriste\u00bb. Toujours prompte \u00e0 minimiser les torts d\u2019Alger, elle appara\u00eet comme une porte-parole officieuse du gouvernement Tebboune en France.<\/p>\n<p class=\"default__StyledText-sc-10mj2vp-0 CxBBS body-paragraph\">Une \u00e9lue propuls\u00e9e par Alger<\/p>\n<p class=\"default__StyledText-sc-10mj2vp-0 CxBBS body-paragraph\">Son parcours r\u00e9v\u00e8le une proximit\u00e9 structurelle avec les cercles de pouvoir d\u2019Alger. Peu de Fran\u00e7ais ont entendu son nom, mais \u00e0 Alger on la conna\u00eet bien. En 2024, elle a offici\u00e9 comme coordinatrice de la campagne \u00e9lectorale d\u2019Abdelmadjid Tebboune en \u00cele-de-France pour l\u2019\u00e9lection pr\u00e9sidentielle alg\u00e9rienne. Autrement dit, pendant qu\u2019elle portait l\u2019\u00e9tiquette LFI en France, Mme Khatim faisait campagne pour le pr\u00e9sident alg\u00e9rien depuis Paris: un v\u00e9ritable d\u00e9doublement politico-diplomatique in\u00e9dit. Cette implication directe dans la politique d\u2019un pays \u00e9tranger, sans en informer clairement les \u00e9lecteurs fran\u00e7ais, a de quoi troubler. D\u2019ailleurs, lorsqu\u2019elle est invit\u00e9e sur les plateaux t\u00e9l\u00e9, la militante omet soigneusement de pr\u00e9ciser ce r\u00f4le de directrice de campagne de Tebboune. \u00abScandale d\u2019ing\u00e9rence et de double all\u00e9geance!\u00bb, s\u2019indigne un commentateur \u00e0 propos de cette cachoterie, r\u00e9v\u00e9l\u00e9e apr\u00e8s son passage sur CNews. En effet, on ne peut qu\u2019y voir un conflit d\u2019int\u00e9r\u00eats flagrant: comment servir honn\u00eatement les administr\u00e9s d\u2019une ville fran\u00e7aise tout en faisant \u00e9lire un chef d\u2019\u00c9tat \u00e9tranger?<\/p>\n<p class=\"interstitial-link block-margin-bottom\">Lire aussi : <a href=\"https:\/\/fr.le360.ma\/monde\/salim-djellab-faux-elu-francais-et-vrai-propagandiste-du-polisario-itineraire-dun-agent-dinfluence_UBHPCRVDUJFIFDIAVEYCSZSK5Q\/\" aria-label=\"Ouvrir un article associ\u00e9\" class=\"default__StyledLink-sc-10mj2vp-1 kkYPzd\" rel=\"nofollow noopener\" target=\"_blank\">Salim Djellab, faux \u00e9lu fran\u00e7ais et vrai propagandiste du Polisario: itin\u00e9raire d\u2019un agent d\u2019influence ordinaire<\/a><\/p>\n<p class=\"default__StyledText-sc-10mj2vp-0 CxBBS body-paragraph\">Elle assume \u00e9galement des fonctions dans la n\u00e9buleuse du lobby pro-Alger en France. En tant que pr\u00e9sidente de la F\u00e9d\u00e9ration franco-alg\u00e9rienne de consolidation et du renouveau, elle participe \u00e0 des op\u00e9rations de lobbying en faveur du r\u00e9gime alg\u00e9rien. Cette association, fond\u00e9e en 2023, n\u2019est en r\u00e9alit\u00e9 que le prolongement des objectifs du pouvoir d\u2019Alger sur le sol fran\u00e7ais. La preuve? Avant m\u00eame sa cr\u00e9ation officielle, le quotidien officiel du pouvoir El Moudjahid annon\u00e7ait sa mise en place comme un outil au service du programme du pr\u00e9sident Tebboune, destin\u00e9 \u00e0 \u00absoutenir haut et fort la concr\u00e9tisation de l\u2019Alg\u00e9rie nouvelle\u00bb en France. Le conseil d\u2019administration de cette f\u00e9d\u00e9ration est d\u2019ailleurs \u00e9loquent: on n\u2019y trouve quasiment que des \u00e9lus (adjoints, conseillers municipaux, d\u00e9partementaux) d\u2019origine alg\u00e9rienne, tous issus de la mouvance de gauche ou \u00e9cologiste fran\u00e7aise. Autant de courroies de transmission de l\u2019agenda d\u2019Alger dans les institutions de France. Xavier Driencourt va jusqu\u2019\u00e0 estimer, dans son ouvrage, que \u00abla conqu\u00eate de municipalit\u00e9s et l\u2019intrusion dans la politique fran\u00e7aise semblent constituer un objectif du pouvoir alg\u00e9rien\u00bb, qui peut s\u2019appuyer sur ce vaste r\u00e9seau d\u2019\u00e9lus acquis \u00e0 sa cause. Le constat est sans appel: Karima Khatim n\u2019est pas une com\u00e8te isol\u00e9e, mais bien l\u2019une des figures d\u2019un dispositif structur\u00e9 d\u2019influence.<\/p>\n<p class=\"default__StyledText-sc-10mj2vp-0 CxBBS body-paragraph\">Comment une inconnue du grand public a-t-elle pu grimper si vite dans l\u2019appareil militant puis sur une liste \u00e9lectorale? Certains chuchotements \u00e9voquent des appuis en haut lieu et des relations intimes avantageuses. Il se murmure que Mme Khatim doit en partie son ascension \u00e0 des proximit\u00e9s troublantes dans les all\u00e9es du pouvoir (tant parisien qu\u2019alg\u00e9rois). Ces rumeurs laissent entendre que la politique et la s\u00e9duction auraient pu aller de pair dans son parcours. La trajectoire sans \u00e9clat de Karima Khatim montre qu\u2019elle a su s\u2019attirer les faveurs de parrains influents. Re\u00e7ue nagu\u00e8re par l\u2019ex-Premier ministre Dominique de Villepin dans le cadre d\u2019\u00e9changes franco-alg\u00e9riens, proche de figures de la diaspora et active dans tous les cercles o\u00f9 Alger fait entendre sa voix, elle a tiss\u00e9 un r\u00e9seau solide. Dipl\u00f4m\u00e9e en management et en administration publique en France, elle dispose du vernis intellectuel pour l\u00e9gitimer ses ambitions. Son profil de bonne \u00e9l\u00e8ve de la diversit\u00e9, cumulant les distinctions (on l\u2019a m\u00eame vue se pr\u00e9senter comme \u00abambassadrice de la paix\u00bb dans une organisation suisse), a sans doute facilit\u00e9 son int\u00e9gration dans le paysage LFI de Seine-Saint-Denis. D\u00e8s lors, devait-on s\u2019\u00e9tonner de la voir avancer comme un cheval de Troie des int\u00e9r\u00eats alg\u00e9riens au sein de LFI?<\/p>\n<p class=\"default__StyledText-sc-10mj2vp-0 CxBBS body-paragraph\">L\u2019engagement pour le Polisario<\/p>\n<p class=\"default__StyledText-sc-10mj2vp-0 CxBBS body-paragraph\">Son engagement passionn\u00e9 en faveur du Front Polisario en est l\u2019illustration la plus flagrante. Karima Khatim multiplie les d\u00e9clarations enflamm\u00e9es sur le Sahara occidental, embrassant sans nuance la cause ind\u00e9pendantiste soutenue par Alger. \u00abLe peuple sahraoui a le droit de choisir librement son destin\u00bb, clame-t-elle. Sur les r\u00e9seaux sociaux, on l\u2019a vue poser tout sourire devant le drapeau de la RASD lors de rassemblements de soutien. Cette ferveur id\u00e9ologique flirte dangereusement avec le n\u00e9gationnisme d\u00e8s qu\u2019il s\u2019agit d\u2019\u00e9voquer les r\u00e9alit\u00e9s du terrain. A-t-on jamais entendu Karima Khatim prononcer un mot sur la dictature implacable qui s\u00e9vit dans les camps de Tindouf? Ces camps, install\u00e9s en territoire alg\u00e9rien, sont dirig\u00e9s par le Polisario d\u2019une main de fer: des milliers de familles y vivent priv\u00e9es de droits \u00e9l\u00e9mentaires et maintenues dans l\u2019endoctrinement. On y d\u00e9tourne l\u2019aide humanitaire, on y pratique le travail forc\u00e9 et le recrutement militaire d\u2019enfants\u2013 des faits abondamment document\u00e9s par d\u2019anciens otages et ONG ind\u00e9pendantes. Mais sur tout cela, silence radio de Karima Khatim. Pour elle, le Sahara occidental demeure une carte postale r\u00e9volutionnaire fig\u00e9e. Les exactions du Polisario, la souffrance des s\u00e9questr\u00e9s de Tindouf ou la responsabilit\u00e9 \u00e9crasante de l\u2019Alg\u00e9rie dans ce conflit prolong\u00e9 ne font pas partie de son r\u00e9cit. Une omission coupable qui en dit long sur son parti-pris. Derri\u00e8re les slogans enflamm\u00e9s de d\u00e9fense des peuples opprim\u00e9s, Karima Khatim choisit ses causes en fonction d\u2019une propagande bien pr\u00e9cise, celle d\u2019Alger.<\/p>\n<p class=\"interstitial-link block-margin-bottom\">Lire aussi : <a href=\"https:\/\/fr.le360.ma\/monde\/nedjib-sidi-moussa-le-scribe-servile-aboyeur-dalger-et-arnaqueur-intellectuel-en-france_EQYJANPPHRHYBGM5BMI74WJXDQ\/\" aria-label=\"Ouvrir un article associ\u00e9\" class=\"default__StyledLink-sc-10mj2vp-1 kkYPzd\" rel=\"nofollow noopener\" target=\"_blank\">Nedjib Sidi Moussa, le scribe servile: aboyeur d\u2019Alger et arnaqueur intellectuel en France<\/a><\/p>\n<p class=\"default__StyledText-sc-10mj2vp-0 CxBBS body-paragraph\">Cette posture s\u2019inscrit d\u2019ailleurs dans une bataille voulue par Tebboune avec la politique \u00e9trang\u00e8re de la France. Paris soutient aujourd\u2019hui le plan d\u2019autonomie marocain pour le Sahara. Or, Mme Khatim milite \u00e0 rebours, appelant presque \u00e0 la guerre sur le territoire, sans \u00e9gard pour les efforts diplomatiques. Il y a l\u00e0 plus qu\u2019une divergence d\u2019opinion: pour une \u00e9lue fran\u00e7aise, c\u2019est un alignement pur et simple sur les positions d\u2019une puissance \u00e9trang\u00e8re, en l\u2019occurrence l\u2019Alg\u00e9rie. Et cela, Karima Khatim le revendique ouvertement, au risque de saborder la coh\u00e9rence de son propre camp politique.<\/p>\n<p class=\"default__StyledText-sc-10mj2vp-0 CxBBS body-paragraph\">Une \u00abpatriote\u00bb de l\u2019Alg\u00e9rie, pas de la France<\/p>\n<p class=\"default__StyledText-sc-10mj2vp-0 CxBBS body-paragraph\">Il n\u2019est d\u00e8s lors pas \u00e9tonnant que son d\u00e9part de LFI ait \u00e9t\u00e9 accueilli avec soulagement par certains. Karima Khatim est partie, d\u00e9non\u00e7ant la \u00abhaine de l\u2019Alg\u00e9rie\u00bb qu\u2019aurait manifest\u00e9e son parti, mais beaucoup y verront la fin d\u2019une \u00e9quivoque intenable. Comment un mouvement politique national pouvait-il garder en son sein une \u00e9lue qui, de son aveu m\u00eame, serait pr\u00eate \u00e0 en d\u00e9coudre pour un drapeau \u00e9tranger? En quittant LFI, Mme Khatim a simplement officialis\u00e9 un \u00e9tat de fait: elle n\u2019a jamais vraiment appartenu \u00e0 la famille politique fran\u00e7aise, son c\u0153ur battant ailleurs.<\/p>\n<p class=\"default__StyledText-sc-10mj2vp-0 CxBBS body-paragraph\">Karima Khatim pense sans doute avoir un avenir dans l\u2019espace militant transnational qu\u2019elle s\u2019est choisi. Elle se trompe. Alger se d\u00e9barrassera d\u2019elle d\u00e8s qu\u2019elle ne sera plus en mesure de servir l\u2019agenda du r\u00e9gime militaro-politique. En France, son exemple servira d\u2019avertissement. Il rappelle la n\u00e9cessit\u00e9 de distinguer les vrais d\u00e9fenseurs de l\u2019int\u00e9r\u00eat g\u00e9n\u00e9ral de ceux qui, sous couvert de diversit\u00e9, jouent un double jeu dangereux. La R\u00e9publique se m\u00e9fiera dor\u00e9navant de ces \u00e9lus \u00e0 la carte de visite tricolore, mais au c\u0153ur tourn\u00e9 vers un autre horizon. Karima Khatim, l\u2019\u00e9lue sans racines, aura incarn\u00e9 jusqu\u2019au bout cette contradiction fondamentale\u2013 et c\u2019est peut-\u00eatre mieux ainsi qu\u2019elle poursuit son chemin en dehors des rangs de LFI.<\/p>\n","protected":false},"excerpt":{"rendered":"Karima Khatim, la conseill\u00e8re municipale du Blanc-Mesnil (93) a claqu\u00e9 la porte de La France insoumise (LFI) ce&hellip;\n","protected":false},"author":2,"featured_media":506,"comment_status":"","ping_status":"","sticky":false,"template":"","format":"standard","meta":{"footnotes":""},"categories":[254],"tags":[255,658,659,660,664,663,661,662],"class_list":{"0":"post-505","1":"post","2":"type-post","3":"status-publish","4":"format-standard","5":"has-post-thumbnail","7":"category-algerie","8":"tag-algerie","9":"tag-france","10":"tag-france-algerie","11":"tag-la-france-insoumise","12":"tag-mak","13":"tag-polisario","14":"tag-rima-hassan","15":"tag-xavier-driencourt"},"share_on_mastodon":{"url":"","error":""},"_links":{"self":[{"href":"https:\/\/www.europesays.com\/africa\/wp-json\/wp\/v2\/posts\/505","targetHints":{"allow":["GET"]}}],"collection":[{"href":"https:\/\/www.europesays.com\/africa\/wp-json\/wp\/v2\/posts"}],"about":[{"href":"https:\/\/www.europesays.com\/africa\/wp-json\/wp\/v2\/types\/post"}],"author":[{"embeddable":true,"href":"https:\/\/www.europesays.com\/africa\/wp-json\/wp\/v2\/users\/2"}],"replies":[{"embeddable":true,"href":"https:\/\/www.europesays.com\/africa\/wp-json\/wp\/v2\/comments?post=505"}],"version-history":[{"count":0,"href":"https:\/\/www.europesays.com\/africa\/wp-json\/wp\/v2\/posts\/505\/revisions"}],"wp:featuredmedia":[{"embeddable":true,"href":"https:\/\/www.europesays.com\/africa\/wp-json\/wp\/v2\/media\/506"}],"wp:attachment":[{"href":"https:\/\/www.europesays.com\/africa\/wp-json\/wp\/v2\/media?parent=505"}],"wp:term":[{"taxonomy":"category","embeddable":true,"href":"https:\/\/www.europesays.com\/africa\/wp-json\/wp\/v2\/categories?post=505"},{"taxonomy":"post_tag","embeddable":true,"href":"https:\/\/www.europesays.com\/africa\/wp-json\/wp\/v2\/tags?post=505"}],"curies":[{"name":"wp","href":"https:\/\/api.w.org\/{rel}","templated":true}]}}