{"id":5102,"date":"2026-01-05T13:43:09","date_gmt":"2026-01-05T13:43:09","guid":{"rendered":"https:\/\/www.europesays.com\/africa\/5102\/"},"modified":"2026-01-05T13:43:09","modified_gmt":"2026-01-05T13:43:09","slug":"can-2025-jaouen-hadjam-forfait-pour-la-fin-de-la-competition-coup-dur-pour-lalgerie","status":"publish","type":"post","link":"https:\/\/www.europesays.com\/africa\/5102\/","title":{"rendered":"CAN 2025\u00a0: Jaouen Hadjam forfait pour la fin de la comp\u00e9tition, coup dur pour l\u2019Alg\u00e9rie"},"content":{"rendered":"<p class=\"paragraph text_align_left lp-f-body-02\">C\u2019est une lourde perte pour les Fennecs. <a href=\"https:\/\/www.leparisien.fr\/sports\/football\/coupe-d-afrique-des-nations\/can-2025-petkovic-fae-regragui-qui-sont-les-selectionneurs-les-mieux-payes-dafrique-02-01-2026-AGYDIZES2NAKZGSWXC3TDQQ6W4.php\" target=\"_self\" rel=\"nofollow noopener\">Vladimir Petkovic<\/a>, le s\u00e9lectionneur de <a href=\"https:\/\/www.leparisien.fr\/sports\/football\/coupe-d-afrique-des-nations\/can-2025-du-lourd-attend-lalgerie-apres-sa-qualification-pour-les-huitiemes-de-finale-28-12-2025-ZWYO5ZYJMRAIHHUMAIFXDOLNBY.php\" target=\"_self\" rel=\"nofollow noopener\">l\u2019\u00e9quipe nationale d\u2019Alg\u00e9rie<\/a>, l\u2019a annonc\u00e9 lors de sa conf\u00e9rence de presse \u00e0 la veille du <a href=\"https:\/\/www.leparisien.fr\/sports\/football\/coupe-d-afrique-des-nations\/can-2025-on-connait-ladversaire-de-lalgerie-en-8es-de-finale-30-12-2025-RPZD5KYCS5AYROMYIOSAVYP624.php\" target=\"_self\" rel=\"nofollow noopener\">8e de finale de la CAN 2025 face \u00e0 la RD Congo<\/a> : Jaouen Hadjam a d\u00e9clar\u00e9 forfait pour la suite du tournoi continental.<\/p>\n<p class=\"\">\u00ab Nous avons tout tent\u00e9 pour le r\u00e9cup\u00e9rer mais finalement nous l\u2019avons lib\u00e9r\u00e9 pour qu\u2019il aille se soigner dans son club \u00bb, a r\u00e9v\u00e9l\u00e9 le technicien ce lundi midi. Pour rappel : l\u2019arri\u00e8re gauche des Young Boys de Berne (Suisse) avait \u00e9t\u00e9 contraint de quitter ses partenaires \u00e0 la 13e minute de <a href=\"https:\/\/www.leparisien.fr\/sports\/football\/coupe-d-afrique-des-nations\/algerie-burkina-faso-1-0-devant-zinedine-zidane-les-fennecs-assurent-lessentiel-et-retrouvent-les-huitiemes-de-la-can-28-12-2025-CQDYNZ4MBVC2FPABU5LV64PGXE.php\" target=\"_self\" rel=\"nofollow noopener\">la rencontre opposant l\u2019Alg\u00e9rie au Burkina Faso<\/a>, le dimanche 28 d\u00e9cembre (1-0).<\/p>\n<p>Une entorse de la cheville gauche diagnostiqu\u00e9e<\/p>\n<p class=\"\">Suite \u00e0 un tacle appuy\u00e9 de Gustavo Sangar\u00e9, <a href=\"https:\/\/www.leparisien.fr\/sports\/football\/ligue-1-le-bonheur-est-a-nantes-pour-jaouen-hadjam-le-remplacant-du-paris-fc-04-03-2023-PWHSEL2JSJAA7BJA7BN76DMHKM.php\" target=\"_self\" rel=\"nofollow noopener\">Hadjam<\/a>, titularis\u00e9 pour la premi\u00e8re fois de la comp\u00e9tition, n\u2019avait pas r\u00e9ussi \u00e0 se relever. Alors que les premiers examens s\u2019\u00e9taient montr\u00e9s plut\u00f4t rassurants, l\u2019IRM pratiqu\u00e9e le mardi 30 d\u00e9cembre a mis un frein aux espoirs d\u2019un retour dans le groupe d\u2019ici la fin de la CAN.<\/p>\n<p class=\"\">En r\u00e9alit\u00e9, <a href=\"https:\/\/www.leparisien.fr\/sports\/football\/mercato-jaouen-hadjam-transfere-du-paris-fc-a-nantes-14-01-2023-IOBHIBX5CBDZLKHLDXAVJAQV6I.php\" target=\"_self\" rel=\"nofollow noopener\">l\u2019ancien d\u00e9fenseur du Paris FC et du FC Nantes<\/a> souffre d\u2019une entorse de la cheville gauche. Les d\u00e9lais de r\u00e9cup\u00e9ration seront donc trop longs pour esp\u00e9rer participer au choc face aux L\u00e9opards ce mardi \u00e0 Rabat.<\/p>\n<p class=\"\">\u00c0 cr\u00e9diter d\u2019une excellente phase de poules, <a href=\"https:\/\/www.leparisien.fr\/sports\/football\/coupe-d-afrique-des-nations\/guinee-equatoriale-algerie-1-3-recital-offensif-buts-magnifiques-le-show-des-fennecs-en-images-31-12-2025-HXWI7JVRBFHPVNFGPIUHG4BYWY.php\" target=\"_self\" rel=\"nofollow noopener\">les Verts ont remport\u00e9 leurs trois premiers matchs de la CAN 2025<\/a>, r\u00e9ussissant un \u00ab perfect \u00bb seulement r\u00e9alis\u00e9 par le Nigeria. Riyad Mahrez et ses partenaires vont donc se pr\u00e9senter en pleine confiance pour leur premier match \u00e0 \u00e9limination directe dans la comp\u00e9tition depuis\u2026 la finale victorieuse face au S\u00e9n\u00e9gal en 2019.<\/p>\n","protected":false},"excerpt":{"rendered":"C\u2019est une lourde perte pour les Fennecs. Vladimir Petkovic, le s\u00e9lectionneur de l\u2019\u00e9quipe nationale d\u2019Alg\u00e9rie, l\u2019a annonc\u00e9 lors&hellip;\n","protected":false},"author":2,"featured_media":5103,"comment_status":"","ping_status":"","sticky":false,"template":"","format":"standard","meta":{"footnotes":""},"categories":[254],"tags":[255,360,311,264],"class_list":{"0":"post-5102","1":"post","2":"type-post","3":"status-publish","4":"format-standard","5":"has-post-thumbnail","7":"category-algerie","8":"tag-algerie","9":"tag-can","10":"tag-football","11":"tag-sports"},"share_on_mastodon":{"url":"","error":""},"_links":{"self":[{"href":"https:\/\/www.europesays.com\/africa\/wp-json\/wp\/v2\/posts\/5102","targetHints":{"allow":["GET"]}}],"collection":[{"href":"https:\/\/www.europesays.com\/africa\/wp-json\/wp\/v2\/posts"}],"about":[{"href":"https:\/\/www.europesays.com\/africa\/wp-json\/wp\/v2\/types\/post"}],"author":[{"embeddable":true,"href":"https:\/\/www.europesays.com\/africa\/wp-json\/wp\/v2\/users\/2"}],"replies":[{"embeddable":true,"href":"https:\/\/www.europesays.com\/africa\/wp-json\/wp\/v2\/comments?post=5102"}],"version-history":[{"count":0,"href":"https:\/\/www.europesays.com\/africa\/wp-json\/wp\/v2\/posts\/5102\/revisions"}],"wp:featuredmedia":[{"embeddable":true,"href":"https:\/\/www.europesays.com\/africa\/wp-json\/wp\/v2\/media\/5103"}],"wp:attachment":[{"href":"https:\/\/www.europesays.com\/africa\/wp-json\/wp\/v2\/media?parent=5102"}],"wp:term":[{"taxonomy":"category","embeddable":true,"href":"https:\/\/www.europesays.com\/africa\/wp-json\/wp\/v2\/categories?post=5102"},{"taxonomy":"post_tag","embeddable":true,"href":"https:\/\/www.europesays.com\/africa\/wp-json\/wp\/v2\/tags?post=5102"}],"curies":[{"name":"wp","href":"https:\/\/api.w.org\/{rel}","templated":true}]}}