{"id":5128,"date":"2026-01-05T13:58:06","date_gmt":"2026-01-05T13:58:06","guid":{"rendered":"https:\/\/www.europesays.com\/africa\/5128\/"},"modified":"2026-01-05T13:58:06","modified_gmt":"2026-01-05T13:58:06","slug":"ousmane-sonko-sur-place-pour-calmer-les-tensions-avec-les-agriculteurs-video","status":"publish","type":"post","link":"https:\/\/www.europesays.com\/africa\/5128\/","title":{"rendered":"Ousmane Sonko sur place pour calmer les tensions avec les agriculteurs (vid\u00e9o)"},"content":{"rendered":"<p class=\"firstp\">Ousmane Sonko se trouve actuellement \u00e0 Kaolack, o\u00f9 la situation avec les agriculteurs locaux s\u2019est intensifi\u00e9e ces derniers jours. Face \u00e0 la tension croissante, le Premier ministre s\u2019est rendu sur place pour tenter d\u2019apaiser les esprits et engager un dialogue avec les <a href=\"https:\/\/www.senenews.com\/premium\/le-plan-dousmane-sonko-pour-acquerir-7626-milliards-de-fcfa-dans-les-prochains-mois_571407.html\" rel=\"nofollow noopener\" target=\"_blank\">agriculteurs<\/a>, qui se montrent particuli\u00e8rement remont\u00e9s.<\/p>\n<p data-start=\"487\" data-end=\"627\" data-is-last-node=\"\" data-is-only-node=\"\">La visite souligne l\u2019urgence de trouver des solutions pour r\u00e9pondre aux revendications des agriculteurs et r\u00e9tablir le calme dans la r\u00e9gion.<\/p>\n","protected":false},"excerpt":{"rendered":"Ousmane Sonko se trouve actuellement \u00e0 Kaolack, o\u00f9 la situation avec les agriculteurs locaux s\u2019est intensifi\u00e9e ces derniers&hellip;\n","protected":false},"author":2,"featured_media":5129,"comment_status":"","ping_status":"","sticky":false,"template":"","format":"standard","meta":{"footnotes":""},"categories":[48],"tags":[3971,276,248,159,163],"class_list":{"0":"post-5128","1":"post","2":"type-post","3":"status-publish","4":"format-standard","5":"has-post-thumbnail","7":"category-senegal","8":"tag-agriculteurs","9":"tag-ousmane-sonko","10":"tag-politique","11":"tag-senegal","12":"tag-senegal-actualites"},"share_on_mastodon":{"url":"","error":""},"_links":{"self":[{"href":"https:\/\/www.europesays.com\/africa\/wp-json\/wp\/v2\/posts\/5128","targetHints":{"allow":["GET"]}}],"collection":[{"href":"https:\/\/www.europesays.com\/africa\/wp-json\/wp\/v2\/posts"}],"about":[{"href":"https:\/\/www.europesays.com\/africa\/wp-json\/wp\/v2\/types\/post"}],"author":[{"embeddable":true,"href":"https:\/\/www.europesays.com\/africa\/wp-json\/wp\/v2\/users\/2"}],"replies":[{"embeddable":true,"href":"https:\/\/www.europesays.com\/africa\/wp-json\/wp\/v2\/comments?post=5128"}],"version-history":[{"count":0,"href":"https:\/\/www.europesays.com\/africa\/wp-json\/wp\/v2\/posts\/5128\/revisions"}],"wp:featuredmedia":[{"embeddable":true,"href":"https:\/\/www.europesays.com\/africa\/wp-json\/wp\/v2\/media\/5129"}],"wp:attachment":[{"href":"https:\/\/www.europesays.com\/africa\/wp-json\/wp\/v2\/media?parent=5128"}],"wp:term":[{"taxonomy":"category","embeddable":true,"href":"https:\/\/www.europesays.com\/africa\/wp-json\/wp\/v2\/categories?post=5128"},{"taxonomy":"post_tag","embeddable":true,"href":"https:\/\/www.europesays.com\/africa\/wp-json\/wp\/v2\/tags?post=5128"}],"curies":[{"name":"wp","href":"https:\/\/api.w.org\/{rel}","templated":true}]}}