{"id":5151,"date":"2026-01-05T14:11:22","date_gmt":"2026-01-05T14:11:22","guid":{"rendered":"https:\/\/www.europesays.com\/africa\/5151\/"},"modified":"2026-01-05T14:11:22","modified_gmt":"2026-01-05T14:11:22","slug":"rd-congo-petkovic-annonce-le-forfait-dun-cadre-pour-le-reste-du-tournoi","status":"publish","type":"post","link":"https:\/\/www.europesays.com\/africa\/5151\/","title":{"rendered":"RD Congo : Petkovic annonce le forfait d&#8217;un cadre pour le reste du tournoi"},"content":{"rendered":"<p class=\"p1\">C&#8217;est le choc que tout le monde attend ! Alors que le Maroc, le Cameroun, le Mali ou encore le S\u00e9n\u00e9gal ont valid\u00e9 leur ticket pour les quarts de finale de la Coupe d&#8217;Afrique des Nations, l&#8217;Alg\u00e9rie affronte la R\u00e9publique d\u00e9mocratique du Congo \u00e0 l&#8217;occasion d&#8217;une affiche majuscule du c\u00f4t\u00e9 de Rabat.<\/p>\n<p class=\"p1\">\u00c0 la veille de cette affiche, Vladimir Petkovic, le patron des Fennecs, \u00e9tait pr\u00e9sent en conf\u00e9rence de presse. Il a notamment annonc\u00e9 une grosse absence pour la fin de ce tournoi, avec le forfait du lat\u00e9ral Jaouen Hadjam, qui quitte la s\u00e9lection : &#8220;Pour Hadjam nous avons tout tent\u00e9 pour le r\u00e9cup\u00e9rer mais finalement nous l\u2019avons lib\u00e9r\u00e9 pour qu\u2019il aille se soigner dans son club&#8221;.<\/p>\n<p>\u00c0 lire aussi&#8221;On doit \u00eatre tr\u00e8s attentifs et avoir confiance en nous m\u00eame&#8221;<\/p>\n<p class=\"p1\">Il a ensuite fait un petit point sur les forces de son adversaire.&#8221;L\u2019\u00e9quipe de R\u00e9publique d\u00e9mocratique du Congo est bien construite, elle est solide. Nous les avons observ\u00e9s, elle a l\u2019habitude d\u2019affronter des adversaires forts. On doit \u00eatre tr\u00e8s attentifs et avoir confiance en nous m\u00eame. La RDC c\u2019est une \u00e9quipe qui se donne \u00e0 fond pendant 90 minutes mais elle a des faiblesses que nous pouvons exploiter&#8221;, a-t-il expliqu\u00e9, m\u00eame s&#8217;il affirme ne pas avoir peur d&#8217;affronter un tel rendez-vous.<\/p>\n<p class=\"p1\">&#8220;Pour moi la peur dans le football \u00e7a n\u2019existe pas. Le respect oui mais la peur non&#8221;, tranche l&#8217;ancien s\u00e9lectionneur de la Suisse. Enfin, il a tenu \u00e0 saluer la qualit\u00e9 des infrastructures au Maroc depuis le d\u00e9but du tournoi : &#8220;Nous ne sommes pas tr\u00e8s satisfaits \u00e0 cause de la pluie mais le reste je n\u2019ai rien \u00e0 dire de n\u00e9gatif sur l\u2019organisation et l\u2019infrastructure&#8221;.<\/p>\n<p>   Partagez cette info avec vos amis et vos proches en cliquant ici<br \/> Pour r\u00e9sumer<\/p>\n<p>L\u2019Alg\u00e9rie affronte la RDC en 8e de finale de la CAN. Vladimir Petkovic annonce le forfait de Jaouen Hadjam et souligne la solidit\u00e9 de la RDC, tout en insistant sur la confiance et le respect, sans peur, pour ce match d\u00e9cisif \u00e0 Rabat.<\/p>\n<p>R\u00e9dacteur<\/p>\n<p><img decoding=\"async\" width=\"76\" height=\"76\" loading=\"lazy\" src=\"https:\/\/www.europesays.com\/africa\/wp-content\/uploads\/2026\/01\/logo-antoine-chirat.jpg\" alt=\"Antoine Chirat\"\/><\/p>\n","protected":false},"excerpt":{"rendered":"C&#8217;est le choc que tout le monde attend ! Alors que le Maroc, le Cameroun, le Mali ou&hellip;\n","protected":false},"author":2,"featured_media":5152,"comment_status":"","ping_status":"","sticky":false,"template":"","format":"standard","meta":{"footnotes":""},"categories":[254],"tags":[255,360],"class_list":{"0":"post-5151","1":"post","2":"type-post","3":"status-publish","4":"format-standard","5":"has-post-thumbnail","7":"category-algerie","8":"tag-algerie","9":"tag-can"},"share_on_mastodon":{"url":"","error":""},"_links":{"self":[{"href":"https:\/\/www.europesays.com\/africa\/wp-json\/wp\/v2\/posts\/5151","targetHints":{"allow":["GET"]}}],"collection":[{"href":"https:\/\/www.europesays.com\/africa\/wp-json\/wp\/v2\/posts"}],"about":[{"href":"https:\/\/www.europesays.com\/africa\/wp-json\/wp\/v2\/types\/post"}],"author":[{"embeddable":true,"href":"https:\/\/www.europesays.com\/africa\/wp-json\/wp\/v2\/users\/2"}],"replies":[{"embeddable":true,"href":"https:\/\/www.europesays.com\/africa\/wp-json\/wp\/v2\/comments?post=5151"}],"version-history":[{"count":0,"href":"https:\/\/www.europesays.com\/africa\/wp-json\/wp\/v2\/posts\/5151\/revisions"}],"wp:featuredmedia":[{"embeddable":true,"href":"https:\/\/www.europesays.com\/africa\/wp-json\/wp\/v2\/media\/5152"}],"wp:attachment":[{"href":"https:\/\/www.europesays.com\/africa\/wp-json\/wp\/v2\/media?parent=5151"}],"wp:term":[{"taxonomy":"category","embeddable":true,"href":"https:\/\/www.europesays.com\/africa\/wp-json\/wp\/v2\/categories?post=5151"},{"taxonomy":"post_tag","embeddable":true,"href":"https:\/\/www.europesays.com\/africa\/wp-json\/wp\/v2\/tags?post=5151"}],"curies":[{"name":"wp","href":"https:\/\/api.w.org\/{rel}","templated":true}]}}