{"id":5181,"date":"2026-01-05T14:26:11","date_gmt":"2026-01-05T14:26:11","guid":{"rendered":"https:\/\/www.europesays.com\/africa\/5181\/"},"modified":"2026-01-05T14:26:11","modified_gmt":"2026-01-05T14:26:11","slug":"comment-la-police-a-piege-ce-gigantesque-reseau-criminel-a-yeumbeul","status":"publish","type":"post","link":"https:\/\/www.europesays.com\/africa\/5181\/","title":{"rendered":"Comment la police a pi\u00e9g\u00e9 ce gigantesque r\u00e9seau criminel \u00e0 Yeumbeul"},"content":{"rendered":"<p class=\"firstp\">Un r\u00e9seau criminel sp\u00e9cialis\u00e9 dans les agressions matinales contre les femmes a \u00e9t\u00e9 d\u00e9mantel\u00e9 \u00e0 Yeumbeul. Selon Lib\u00e9ration, les auteurs, Daouda Kand\u00e9, 21 ans, et Doudou Der, 27 ans, op\u00e9raient principalement entre 5 et 6 heures du matin, utilisant couteaux et violences pour voler leurs victimes, certaines ayant m\u00eame \u00e9t\u00e9 victimes de viols collectifs.<\/p>\n<p data-start=\"537\" data-end=\"851\">Les <a href=\"https:\/\/www.senenews.com\/actualites\/terrible-scene-a-saly-la-villa-de-larchitecte-lydia-assani-cambriolee-sa-fille-violee-jusqua-evanouissement_554600.html\" rel=\"nofollow noopener\" target=\"_blank\">arrestations<\/a> font suite \u00e0 deux agressions survenues dans la nuit du 29 au 30 d\u00e9cembre 2025, au cours desquelles des sacs et des t\u00e9l\u00e9phones ont \u00e9t\u00e9 d\u00e9rob\u00e9s. Alert\u00e9e par les cris d\u2019une victime, la police est intervenue et a interpell\u00e9 Daouda Kand\u00e9, en possession de plusieurs t\u00e9l\u00e9phones vol\u00e9s et d\u2019un poignard.\n<\/p>\n<p data-start=\"853\" data-end=\"1228\">L\u2019enqu\u00eate a \u00e9galement mis en lumi\u00e8re leur implication dans une agression suivie d\u2019un viol collectif le 29 novembre 2025. Les aveux de Kand\u00e9 et la r\u00e9cup\u00e9ration d\u2019un t\u00e9l\u00e9phone vol\u00e9 ont permis l\u2019arrestation de Doudou Der. Les deux hommes ont \u00e9t\u00e9 d\u00e9f\u00e9r\u00e9s au parquet pour association de malfaiteurs, vol avec violence, usage d\u2019arme blanche et viol collectif, pr\u00e9cise le journal.<\/p>\n","protected":false},"excerpt":{"rendered":"Un r\u00e9seau criminel sp\u00e9cialis\u00e9 dans les agressions matinales contre les femmes a \u00e9t\u00e9 d\u00e9mantel\u00e9 \u00e0 Yeumbeul. Selon Lib\u00e9ration,&hellip;\n","protected":false},"author":2,"featured_media":5182,"comment_status":"","ping_status":"","sticky":false,"template":"","format":"standard","meta":{"footnotes":""},"categories":[48],"tags":[1567,3992,159,163,239,3993,3994],"class_list":{"0":"post-5181","1":"post","2":"type-post","3":"status-publish","4":"format-standard","5":"has-post-thumbnail","7":"category-senegal","8":"tag-gang","9":"tag-reseau-criminel","10":"tag-senegal","11":"tag-senegal-actualites","12":"tag-societe","13":"tag-viol-collectif","14":"tag-vol-avec-violence"},"share_on_mastodon":{"url":"","error":""},"_links":{"self":[{"href":"https:\/\/www.europesays.com\/africa\/wp-json\/wp\/v2\/posts\/5181","targetHints":{"allow":["GET"]}}],"collection":[{"href":"https:\/\/www.europesays.com\/africa\/wp-json\/wp\/v2\/posts"}],"about":[{"href":"https:\/\/www.europesays.com\/africa\/wp-json\/wp\/v2\/types\/post"}],"author":[{"embeddable":true,"href":"https:\/\/www.europesays.com\/africa\/wp-json\/wp\/v2\/users\/2"}],"replies":[{"embeddable":true,"href":"https:\/\/www.europesays.com\/africa\/wp-json\/wp\/v2\/comments?post=5181"}],"version-history":[{"count":0,"href":"https:\/\/www.europesays.com\/africa\/wp-json\/wp\/v2\/posts\/5181\/revisions"}],"wp:featuredmedia":[{"embeddable":true,"href":"https:\/\/www.europesays.com\/africa\/wp-json\/wp\/v2\/media\/5182"}],"wp:attachment":[{"href":"https:\/\/www.europesays.com\/africa\/wp-json\/wp\/v2\/media?parent=5181"}],"wp:term":[{"taxonomy":"category","embeddable":true,"href":"https:\/\/www.europesays.com\/africa\/wp-json\/wp\/v2\/categories?post=5181"},{"taxonomy":"post_tag","embeddable":true,"href":"https:\/\/www.europesays.com\/africa\/wp-json\/wp\/v2\/tags?post=5181"}],"curies":[{"name":"wp","href":"https:\/\/api.w.org\/{rel}","templated":true}]}}