{"id":5204,"date":"2026-01-05T14:40:11","date_gmt":"2026-01-05T14:40:11","guid":{"rendered":"https:\/\/www.europesays.com\/africa\/5204\/"},"modified":"2026-01-05T14:40:11","modified_gmt":"2026-01-05T14:40:11","slug":"desabre-veut-franchir-un-cap-contre-les-fennec","status":"publish","type":"post","link":"https:\/\/www.europesays.com\/africa\/5204\/","title":{"rendered":"Desabre veut franchir un cap contre les Fennec"},"content":{"rendered":"<p style=\"text-align: justify;\" data-start=\"255\" data-end=\"557\">Quelques heures avant le huiti\u00e8me de finale de la CAN 2025 face \u00e0 l\u2019Alg\u00e9rie, le s\u00e9lectionneur de la RD Congo, S\u00e9bastien Desabre, s\u2019est exprim\u00e9 en conf\u00e9rence de presse. Le technicien fran\u00e7ais a \u00e9voqu\u00e9 le parcours des deux \u00e9quipes, la pr\u00e9paration de son groupe, l\u2019approche tactique et la difficult\u00e9 du rendez-vous.<\/p>\n<p>Le pass\u00e9 laiss\u00e9 de c\u00f4t\u00e9<\/p>\n<p style=\"text-align: justify;\" data-start=\"917\" data-end=\"1325\">Interrog\u00e9 sur l\u2019historique des confrontations entre la RD Congo et l\u2019Alg\u00e9rie, S\u00e9bastien Desabre pr\u00e9f\u00e8re se d\u00e9tacher des statistiques pour se concentrer uniquement sur le pr\u00e9sent : \u00ab C\u2019est une seconde phase du tournoi. Ce sont des matchs \u00e0 \u00e9limination directe, donc on s\u2019est bien pr\u00e9par\u00e9s pour le match de demain. Nous, on est concentr\u00e9s sur la phase actuelle. Les statistiques, ce sont des donn\u00e9es anciennes. Aujourd\u2019hui, on est focalis\u00e9s sur le match de demain et on va tout faire pour se qualifier pour les quarts de finale. \u00bb<\/p>\n<p>Une pression assum\u00e9e<\/p>\n<p style=\"text-align: justify;\" data-start=\"1353\" data-end=\"1775\">Face \u00e0 l\u2019attente du public congolais et \u00e0 l\u2019enjeu sportif, Desabre estime que ce type de match constitue avant tout une opportunit\u00e9 de progression pour son \u00e9quipe : \u00ab Ce sont des matchs \u00e0 fort enjeu, avec une place en quarts de finale \u00e0 aller chercher contre une tr\u00e8s bonne \u00e9quipe africaine. \u00c7a nous fait progresser et gagner de l\u2019exp\u00e9rience. On n\u2019a pas plus de pression que \u00e7a, on a l\u2019habitude au Congo et on aime \u00e7a. On se concentre d\u2019abord sur notre \u00e9quipe et sur notre jeu. On conna\u00eet nos qualit\u00e9s. Bien s\u00fbr, on a une strat\u00e9gie en place et on conna\u00eet les joueurs et les syst\u00e8mes de l\u2019Alg\u00e9rie, mais l\u2019essentiel est de faire un bon match. \u00bb<\/p>\n<p>L\u2019Alg\u00e9rie, un test grandeur nature<\/p>\n<p style=\"text-align: justify;\" data-start=\"2611\" data-end=\"3007\">Respectueux du statut des Fennecs, le s\u00e9lectionneur congolais voit dans cette confrontation un v\u00e9ritable indicateur du niveau atteint par son \u00e9quipe : \u00ab L\u2019Alg\u00e9rie est l\u2019adversaire parfait pour valider notre progression. C\u2019est une \u00e9quipe bien organis\u00e9e, avec de tr\u00e8s bons joueurs, habitu\u00e9e \u00e0 ce type de comp\u00e9tition. Mais on sait qu\u2019on a les armes pour passer ce tour si on fait un grand match. \u00bb<\/p>\n<p>Un plan clair face \u00e0 une \u00e9quipe joueuse<\/p>\n<p style=\"text-align: justify;\" data-start=\"4221\" data-end=\"4582\">Enfin, face \u00e0 une s\u00e9lection alg\u00e9rienne r\u00e9put\u00e9e pour son jeu, le s\u00e9lectionneur promet une \u00e9quipe congolaise combative et capable de s\u2019adapter aux temps forts du match : \u00ab On a un plan de jeu. Le rapport de force peut \u00e9voluer au cours du match. J\u2019ai des joueurs capables de g\u00e9rer ces moments. On sera vaillants, r\u00e9silients et tr\u00e8s motiv\u00e9s pour passer ce tour. \u00a0Il y a beaucoup de points positifs dans cette \u00e9quipe. Elle m\u00e9rite son classement FIFA, elle peut changer de syst\u00e8me et dispose d\u2019un tr\u00e8s bon coach. On se m\u00e9fie de certaines choses cibl\u00e9es et \u00e0 nous d\u2019\u00eatre \u00e0 la hauteur. \u00bb<\/p>\n<p>LIRE EGALEMENT : <a href=\"https:\/\/lagazettedufennec.com\/can-2025-un-avertissement-premonitoire-pour-lalgerie\/\" rel=\"nofollow noopener\" target=\"_blank\">CAN 2025 : Un avertissement pr\u00e9monitoire pour l\u2019Alg\u00e9rie<\/a><\/p>\n","protected":false},"excerpt":{"rendered":"Quelques heures avant le huiti\u00e8me de finale de la CAN 2025 face \u00e0 l\u2019Alg\u00e9rie, le s\u00e9lectionneur de la&hellip;\n","protected":false},"author":2,"featured_media":5205,"comment_status":"","ping_status":"","sticky":false,"template":"","format":"standard","meta":{"footnotes":""},"categories":[254],"tags":[255,256,314,505,509,510,511,512],"class_list":{"0":"post-5204","1":"post","2":"type-post","3":"status-publish","4":"format-standard","5":"has-post-thumbnail","7":"category-algerie","8":"tag-algerie","9":"tag-algu00e9rie-can","10":"tag-algu00e9rie-can-2025","11":"tag-algu00e9rie-rd-congo","12":"tag-su00e9bastien-desabre","13":"tag-su00e9bastien-desabre-algu00e9rie","14":"tag-su00e9bastien-desabre-congo","15":"tag-su00e9bastien-desabre-rd-congo"},"share_on_mastodon":{"url":"","error":""},"_links":{"self":[{"href":"https:\/\/www.europesays.com\/africa\/wp-json\/wp\/v2\/posts\/5204","targetHints":{"allow":["GET"]}}],"collection":[{"href":"https:\/\/www.europesays.com\/africa\/wp-json\/wp\/v2\/posts"}],"about":[{"href":"https:\/\/www.europesays.com\/africa\/wp-json\/wp\/v2\/types\/post"}],"author":[{"embeddable":true,"href":"https:\/\/www.europesays.com\/africa\/wp-json\/wp\/v2\/users\/2"}],"replies":[{"embeddable":true,"href":"https:\/\/www.europesays.com\/africa\/wp-json\/wp\/v2\/comments?post=5204"}],"version-history":[{"count":0,"href":"https:\/\/www.europesays.com\/africa\/wp-json\/wp\/v2\/posts\/5204\/revisions"}],"wp:featuredmedia":[{"embeddable":true,"href":"https:\/\/www.europesays.com\/africa\/wp-json\/wp\/v2\/media\/5205"}],"wp:attachment":[{"href":"https:\/\/www.europesays.com\/africa\/wp-json\/wp\/v2\/media?parent=5204"}],"wp:term":[{"taxonomy":"category","embeddable":true,"href":"https:\/\/www.europesays.com\/africa\/wp-json\/wp\/v2\/categories?post=5204"},{"taxonomy":"post_tag","embeddable":true,"href":"https:\/\/www.europesays.com\/africa\/wp-json\/wp\/v2\/tags?post=5204"}],"curies":[{"name":"wp","href":"https:\/\/api.w.org\/{rel}","templated":true}]}}