{"id":5206,"date":"2026-01-05T14:41:09","date_gmt":"2026-01-05T14:41:09","guid":{"rendered":"https:\/\/www.europesays.com\/africa\/5206\/"},"modified":"2026-01-05T14:41:09","modified_gmt":"2026-01-05T14:41:09","slug":"chiffres-en-baisse-canal-senegal-identifie-le-coupable-t","status":"publish","type":"post","link":"https:\/\/www.europesays.com\/africa\/5206\/","title":{"rendered":"Chiffres en baisse : Canal+ S\u00e9n\u00e9gal identifie le coupable, t&#8230;"},"content":{"rendered":"<p>\n\t\t\t\t\t\tChiffres en baisse : Canal+ S\u00e9n\u00e9gal identifie le coupable, trois suspects arr\u00eat\u00e9s\n\t\t\t\t\t\t<\/p>\n<p>\ufeff<\/p>\n<p>Si l\u2019on en croit Lib\u00e9ration, Canal+ a port\u00e9 plainte \u00abapr\u00e8s avoir constat\u00e9 une baisse drastique de son chiffre d\u2019affaires au S\u00e9n\u00e9gal\u00bb. Liant ce r\u00e9sultat \u00e0 la commercialisation frauduleuse de ses codes d\u2019acc\u00e8s via IPTV, rapporte le journal, la cha\u00eene crypt\u00e9e a saisi la Division sp\u00e9ciale de cybers\u00e9curit\u00e9 (DSC).<\/p>\n<p>La m\u00eame source informe que l\u2019enqu\u00eate a conduit \u00e0 l\u2019arrestation de M. A. Diagne, \u00abqui commercialisait IPTV\u00bb, son fournisseur P. M. Ndoye, et T. A. Dia, g\u00e9rant d\u2019une plateforme \u00abqui permettait de \u2018vendre\u2019 les cha\u00eenes d\u00e9tourn\u00e9es\u00bb.<\/p>\n<p>Le quotidien d&#8217;information ajoute que le trio a \u00e9t\u00e9 d\u00e9f\u00e9r\u00e9 au parquet pour association de malfaiteurs, acc\u00e8s frauduleux \u00e0 un syst\u00e8me informatique et obtention d\u2019avantages frauduleux via les r\u00e9seaux informatiques.<\/p>\n<p>Auteur: Senewebnews-RP<br \/>Publi\u00e9 le: Lundi 05 Janvier 2026\n\t\t\t\t\t\t\t<\/p>\n","protected":false},"excerpt":{"rendered":"Chiffres en baisse : Canal+ S\u00e9n\u00e9gal identifie le coupable, trois suspects arr\u00eat\u00e9s \ufeff Si l\u2019on en croit Lib\u00e9ration,&hellip;\n","protected":false},"author":2,"featured_media":5207,"comment_status":"","ping_status":"","sticky":false,"template":"","format":"standard","meta":{"footnotes":""},"categories":[48],"tags":[3053,4004,4003,4005,4006,159],"class_list":{"0":"post-5206","1":"post","2":"type-post","3":"status-publish","4":"format-standard","5":"has-post-thumbnail","7":"category-senegal","8":"tag-arrestation","9":"tag-baisse-de-chiffre-daffaires","10":"tag-canal-senegal","11":"tag-commercialisation-frauduleuse","12":"tag-cybersecurite","13":"tag-senegal"},"share_on_mastodon":{"url":"","error":""},"_links":{"self":[{"href":"https:\/\/www.europesays.com\/africa\/wp-json\/wp\/v2\/posts\/5206","targetHints":{"allow":["GET"]}}],"collection":[{"href":"https:\/\/www.europesays.com\/africa\/wp-json\/wp\/v2\/posts"}],"about":[{"href":"https:\/\/www.europesays.com\/africa\/wp-json\/wp\/v2\/types\/post"}],"author":[{"embeddable":true,"href":"https:\/\/www.europesays.com\/africa\/wp-json\/wp\/v2\/users\/2"}],"replies":[{"embeddable":true,"href":"https:\/\/www.europesays.com\/africa\/wp-json\/wp\/v2\/comments?post=5206"}],"version-history":[{"count":0,"href":"https:\/\/www.europesays.com\/africa\/wp-json\/wp\/v2\/posts\/5206\/revisions"}],"wp:featuredmedia":[{"embeddable":true,"href":"https:\/\/www.europesays.com\/africa\/wp-json\/wp\/v2\/media\/5207"}],"wp:attachment":[{"href":"https:\/\/www.europesays.com\/africa\/wp-json\/wp\/v2\/media?parent=5206"}],"wp:term":[{"taxonomy":"category","embeddable":true,"href":"https:\/\/www.europesays.com\/africa\/wp-json\/wp\/v2\/categories?post=5206"},{"taxonomy":"post_tag","embeddable":true,"href":"https:\/\/www.europesays.com\/africa\/wp-json\/wp\/v2\/tags?post=5206"}],"curies":[{"name":"wp","href":"https:\/\/api.w.org\/{rel}","templated":true}]}}