{"id":5231,"date":"2026-01-05T14:56:06","date_gmt":"2026-01-05T14:56:06","guid":{"rendered":"https:\/\/www.europesays.com\/africa\/5231\/"},"modified":"2026-01-05T14:56:06","modified_gmt":"2026-01-05T14:56:06","slug":"la-nouvelle-decision-prise-pr-le-prefet-de-dakar","status":"publish","type":"post","link":"https:\/\/www.europesays.com\/africa\/5231\/","title":{"rendered":"La nouvelle d\u00e9cision prise pr le pr\u00e9fet de Dakar"},"content":{"rendered":"<p class=\"firstp\">La Pr\u00e9fecture du d\u00e9partement de Dakar a annonc\u00e9 le renforcement strict de l\u2019application de l\u2019interdiction de circulation des v\u00e9hicules \u00e0 bras et \u00e0 traction animale dans la zone d\u2019influence du Bus Rapid Transit (BRT). Cette mesure, d\u00e9j\u00e0 en vigueur depuis juillet 2024, sera appliqu\u00e9e avec plus de rigueur \u00e0 compter du jeudi 8 janvier 2026, selon un communiqu\u00e9 officiel rendu public.<\/p>\n<p>Dans le document sign\u00e9 par le pr\u00e9fet de Dakar, Ch\u00e9rif Mouhamadou Makhtar Blondin Ndiaye, il est rappel\u00e9 que l\u2019arr\u00eat\u00e9 n\u00b0274\/P\/D\/DK du 26 juillet 2024, portant adoption d\u2019un nouveau plan de circulation dans la zone du BRT, interdit formellement la circulation des v\u00e9hicules \u00e0 bras ainsi que ceux \u00e0 traction animale, notamment les pousse-pousse et les charrettes, dans ce p\u00e9rim\u00e8tre strat\u00e9gique.\n<\/p>\n<p>Malgr\u00e9 cette disposition r\u00e9glementaire, les services pr\u00e9fectoraux constatent que certaines personnes continuent de faire circuler ces engins dans la zone concern\u00e9e. Cette situation est jug\u00e9e pr\u00e9judiciable \u00e0 la fluidit\u00e9 du trafic routier, avec des perturbations importantes observ\u00e9es, ainsi qu\u2019un encombrement notable de la voie publique. Le communiqu\u00e9 souligne \u00e9galement que le stationnement de ces v\u00e9hicules, en particulier sur les espaces r\u00e9serv\u00e9s aux pi\u00e9tons, compromet s\u00e9rieusement la s\u00e9curit\u00e9 et la circulation pi\u00e9tonni\u00e8re.<\/p>\n<p>Face \u00e0 ces constats, l\u2019autorit\u00e9 administrative annonce le renforcement de l\u2019application de l\u2019arr\u00eat\u00e9 afin de garantir le respect strict de la r\u00e9glementation en vigueur et d\u2019assurer un cadre de circulation fluide et s\u00e9curis\u00e9 pour l\u2019ensemble des usagers de la route. \u00c0 partir du 8 janvier 2026, tout v\u00e9hicule \u00e0 bras ou \u00e0 traction animale circulant ou stationnant dans la zone d\u2019influence du BRT sera syst\u00e9matiquement immobilis\u00e9 et plac\u00e9 en fourri\u00e8re. Le <a href=\"https:\/\/www.senenews.com\/actualites\/economie\/transport-2\/repenser-les-gares-du-brt-et-du-ter-en-faire-des-centralites-vivantes-et-des-leviers-de-developpement-urbain-par-oumar-ba_563868.html\" rel=\"nofollow noopener\" target=\"_blank\">communiqu\u00e9<\/a> pr\u00e9cise en outre que les contrevenants s\u2019exposeront \u00e0 des poursuites judiciaires, conform\u00e9ment aux dispositions l\u00e9gales et r\u00e9glementaires en vigueur. Cette mesure s\u2019inscrit dans la volont\u00e9 des autorit\u00e9s de s\u00e9curiser les infrastructures du BRT et d\u2019optimiser la gestion de la circulation dans la capitale.<\/p>\n","protected":false},"excerpt":{"rendered":"La Pr\u00e9fecture du d\u00e9partement de Dakar a annonc\u00e9 le renforcement strict de l\u2019application de l\u2019interdiction de circulation des&hellip;\n","protected":false},"author":2,"featured_media":5232,"comment_status":"","ping_status":"","sticky":false,"template":"","format":"standard","meta":{"footnotes":""},"categories":[48],"tags":[4028,159,163,239],"class_list":{"0":"post-5231","1":"post","2":"type-post","3":"status-publish","4":"format-standard","5":"has-post-thumbnail","7":"category-senegal","8":"tag-brt","9":"tag-senegal","10":"tag-senegal-actualites","11":"tag-societe"},"share_on_mastodon":{"url":"","error":""},"_links":{"self":[{"href":"https:\/\/www.europesays.com\/africa\/wp-json\/wp\/v2\/posts\/5231","targetHints":{"allow":["GET"]}}],"collection":[{"href":"https:\/\/www.europesays.com\/africa\/wp-json\/wp\/v2\/posts"}],"about":[{"href":"https:\/\/www.europesays.com\/africa\/wp-json\/wp\/v2\/types\/post"}],"author":[{"embeddable":true,"href":"https:\/\/www.europesays.com\/africa\/wp-json\/wp\/v2\/users\/2"}],"replies":[{"embeddable":true,"href":"https:\/\/www.europesays.com\/africa\/wp-json\/wp\/v2\/comments?post=5231"}],"version-history":[{"count":0,"href":"https:\/\/www.europesays.com\/africa\/wp-json\/wp\/v2\/posts\/5231\/revisions"}],"wp:featuredmedia":[{"embeddable":true,"href":"https:\/\/www.europesays.com\/africa\/wp-json\/wp\/v2\/media\/5232"}],"wp:attachment":[{"href":"https:\/\/www.europesays.com\/africa\/wp-json\/wp\/v2\/media?parent=5231"}],"wp:term":[{"taxonomy":"category","embeddable":true,"href":"https:\/\/www.europesays.com\/africa\/wp-json\/wp\/v2\/categories?post=5231"},{"taxonomy":"post_tag","embeddable":true,"href":"https:\/\/www.europesays.com\/africa\/wp-json\/wp\/v2\/tags?post=5231"}],"curies":[{"name":"wp","href":"https:\/\/api.w.org\/{rel}","templated":true}]}}