{"id":5303,"date":"2026-01-05T15:41:10","date_gmt":"2026-01-05T15:41:10","guid":{"rendered":"https:\/\/www.europesays.com\/africa\/5303\/"},"modified":"2026-01-05T15:41:10","modified_gmt":"2026-01-05T15:41:10","slug":"can-2025-une-supportrice-du-senegal-est-morte-en-se-rendant-au-stade","status":"publish","type":"post","link":"https:\/\/www.europesays.com\/africa\/5303\/","title":{"rendered":"CAN 2025: une supportrice du S\u00e9n\u00e9gal est morte en se rendant au stade"},"content":{"rendered":"<p class=\"mb-4 text-lg md:leading-8 break-words\">Au lendemain de <a href=\"https:\/\/fr.news.yahoo.com\/sport\/s%C3%A9n%C3%A9gal-soudan-ibrahim-mbaye-bat-181900113.html\" data-ylk=\"slk:la poussive qualification en quart de finale de la CAN 2025 du S\u00e9n\u00e9gal contre le Soudan (3-1);elm:context_link;itc:0;sec:content-canvas;outcm:mb_qualified_link;_E:mb_qualified_link;ct:story;\" class=\"link  yahoo-link\" rel=\"nofollow noopener\" target=\"_blank\">la poussive qualification en quart de finale de la CAN 2025 du S\u00e9n\u00e9gal contre le Soudan (3-1)<\/a>, la F\u00e9d\u00e9ration s\u00e9n\u00e9galaise de football (FSF) a annonc\u00e9 ce dimanche soir qu&#8217;une supportrice des Lions de la Teranga avait perdu la vie dans un accident de la route en se rendant au stade Ibn-Batouta de Tanger (Maroc).<\/p>\n<p class=\"mb-4 text-lg md:leading-8 break-words\">&#8220;La F\u00e9d\u00e9ration s\u00e9n\u00e9galaise de football a la profonde douleur d&#8217;annoncer le rappel \u00e0 Dieu de A\u00efda Faye Samb, survenu \u00e0 la suite d&#8217;un accident de la circulation sur l&#8217;axe Rabat-K\u00e9nitra&#8221;, a communiqu\u00e9 la FSF.<\/p>\n<p class=\"mb-4 text-lg md:leading-8 break-words\">Avant d&#8217;ajouter: &#8220;En cette douloureuse circonstance, la FSF adresse ses sinc\u00e8res condol\u00e9ances \u00e0 la famille \u00e9plor\u00e9e, \u00e0 ses proches, ainsi qu&#8217;\u00e0 l&#8217;ensemble de la famille du football s\u00e9n\u00e9galais.&#8221;<\/p>\n<p>Le S\u00e9n\u00e9gal retrouve le Mali en quart<\/p>\n<p class=\"mb-4 text-lg md:leading-8 break-words\">Les S\u00e9n\u00e9galais retrouveront Tanger, o\u00f9 ils ont \u00e9tabli leur camp de base, ce vendredi pour affronter <a href=\"https:\/\/fr.news.yahoo.com\/sport\/qualifi%C3%A9-quarts-finale-can-2025-100409987.html\" data-ylk=\"slk:le Mali en quart de finale de la comp\u00e9tition contre le Mali, tombeur de la Tunisie (17h);elm:context_link;itc:0;sec:content-canvas;outcm:mb_qualified_link;_E:mb_qualified_link;ct:story;\" class=\"link  yahoo-link\" rel=\"nofollow noopener\" target=\"_blank\">le Mali en quart de finale de la comp\u00e9tition contre le Mali, tombeur de la Tunisie (17h)<\/a>. Ils se sont difficilement qualifi\u00e9s gr\u00e2ce \u00e0 leur victoire sur le Soudan 3-1.<\/p>\n<p class=\"mb-4 text-lg md:leading-8 break-words\">Cueillis \u00e0 froid d&#8217;entr\u00e9e par un joli but de l&#8217;attaquant soudanais d&#8217;Avondale en Australie Aamir Abdallah (1-0, 6e), les Lions de la Teranga s&#8217;en sont remis \u00e0 leur milieu Pape Gueye, auteur d&#8217;un doubl\u00e9 (30e, 45e+2), et de <a href=\"https:\/\/fr.news.yahoo.com\/sport\/s%C3%A9n%C3%A9gal-soudan-ibrahim-mbaye-bat-181900113.html\" data-ylk=\"slk:leur Titi parisien Ibrahim Mbaye;elm:context_link;itc:0;sec:content-canvas;outcm:mb_qualified_link;_E:mb_qualified_link;ct:story;\" class=\"link  yahoo-link\" rel=\"nofollow noopener\" target=\"_blank\">leur Titi parisien Ibrahim Mbaye<\/a>, une nouvelle fois d\u00e9cisif (77e), pour faire respecter leur rang.<\/p>\n<p class=\"mb-4 text-lg md:leading-8 break-words\">Vendredi, les Lions de la Teranga retrouveront \u00e9galement leur capitaine Kalidou Koulibaly, suspendu face au Soudan, qui leur a fait cruellement d\u00e9faut.<\/p>\n<p class=\"mb-4 text-lg md:leading-8 break-words\"><a href=\"https:\/\/rmcsport.bfmtv.com\/football\/coupe-d-afrique-des-nations\/can-2025-une-supportrice-du-senegal-est-morte-en-se-rendant-au-stade_AV-202601050176.html#xtor=AL-68\" rel=\"nofollow noopener\" target=\"_blank\" data-ylk=\"slk:Article original publi\u00e9 sur RMC Sport;elm:context_link;itc:0;sec:content-canvas\" class=\"link \">Article original publi\u00e9 sur RMC Sport<\/a><\/p>\n","protected":false},"excerpt":{"rendered":"Au lendemain de la poussive qualification en quart de finale de la CAN 2025 du S\u00e9n\u00e9gal contre le&hellip;\n","protected":false},"author":2,"featured_media":5304,"comment_status":"","ping_status":"","sticky":false,"template":"","format":"standard","meta":{"footnotes":""},"categories":[48],"tags":[4060,4058,4059,1540,1539,2080,2078,2081,159,1005],"class_list":{"0":"post-5303","1":"post","2":"type-post","3":"status-publish","4":"format-standard","5":"has-post-thumbnail","7":"category-senegal","8":"tag-accident-de-la-route","9":"tag-federation-senegalaise-de-football","10":"tag-fsf","11":"tag-ibrahim-mbaye","12":"tag-kalidou-koulibaly","13":"tag-le-mali","14":"tag-lions-de-la-teranga","15":"tag-pape-gueye","16":"tag-senegal","17":"tag-soudan"},"share_on_mastodon":{"url":"","error":""},"_links":{"self":[{"href":"https:\/\/www.europesays.com\/africa\/wp-json\/wp\/v2\/posts\/5303","targetHints":{"allow":["GET"]}}],"collection":[{"href":"https:\/\/www.europesays.com\/africa\/wp-json\/wp\/v2\/posts"}],"about":[{"href":"https:\/\/www.europesays.com\/africa\/wp-json\/wp\/v2\/types\/post"}],"author":[{"embeddable":true,"href":"https:\/\/www.europesays.com\/africa\/wp-json\/wp\/v2\/users\/2"}],"replies":[{"embeddable":true,"href":"https:\/\/www.europesays.com\/africa\/wp-json\/wp\/v2\/comments?post=5303"}],"version-history":[{"count":0,"href":"https:\/\/www.europesays.com\/africa\/wp-json\/wp\/v2\/posts\/5303\/revisions"}],"wp:featuredmedia":[{"embeddable":true,"href":"https:\/\/www.europesays.com\/africa\/wp-json\/wp\/v2\/media\/5304"}],"wp:attachment":[{"href":"https:\/\/www.europesays.com\/africa\/wp-json\/wp\/v2\/media?parent=5303"}],"wp:term":[{"taxonomy":"category","embeddable":true,"href":"https:\/\/www.europesays.com\/africa\/wp-json\/wp\/v2\/categories?post=5303"},{"taxonomy":"post_tag","embeddable":true,"href":"https:\/\/www.europesays.com\/africa\/wp-json\/wp\/v2\/tags?post=5303"}],"curies":[{"name":"wp","href":"https:\/\/api.w.org\/{rel}","templated":true}]}}