{"id":5329,"date":"2026-01-05T15:55:06","date_gmt":"2026-01-05T15:55:06","guid":{"rendered":"https:\/\/www.europesays.com\/africa\/5329\/"},"modified":"2026-01-05T15:55:06","modified_gmt":"2026-01-05T15:55:06","slug":"des-fermetures-prevues-du-lundi-au-jeudi-8-janvier","status":"publish","type":"post","link":"https:\/\/www.europesays.com\/africa\/5329\/","title":{"rendered":"Des fermetures pr\u00e9vues du lundi au jeudi 8 janvier"},"content":{"rendered":"<p class=\"firstp\">La Soci\u00e9t\u00e9 des Entreprises de Construction et d\u2019Am\u00e9nagement de l\u2019Autoroute (SECAA) informe les usagers de l\u2019Autoroute de l\u2019Avenir que des travaux de pose des portiques de signalisation entra\u00eeneront la fermeture partielle du tron\u00e7on Thiaroye-Keur Massar dans le sens Dakar-A\u00e9roport International Blaise Diagne.<\/p>\n<p>Cette interruption de la circulation se d\u00e9roulera exclusivement de nuit, afin de limiter les d\u00e9sagr\u00e9ments pour les automobilistes et la circulation urbaine. Les travaux sont programm\u00e9s sur trois nuits cons\u00e9cutives : du lundi 5 au mardi 6 janvier 2026, du mardi 6 au mercredi 7 janvier 2026 et du mercredi 7 au jeudi 8 janvier 2026, entre 23h00 et 06h00. Durant ces cr\u00e9neaux, le tron\u00e7on concern\u00e9 ainsi que la bretelle d\u2019entr\u00e9e n\u00b07 de Thiaroye seront ferm\u00e9s au trafic.\n<\/p>\n<p>Pour assurer la continuit\u00e9 des d\u00e9placements, la <a href=\"https:\/\/www.senenews.com\/actualites\/accident-sur-lautoroute-a-rufisque-circulation-fortement-perturbee-dans-les-deux-sens_569891.html\" rel=\"nofollow noopener\" target=\"_blank\">SECAA<\/a> recommande aux usagers en provenance de Dakar et se dirigeant vers Rufisque de suivre un itin\u00e9raire alternatif. Ils devront emprunter la sortie n\u00b07 de Thiaroye, rejoindre la Route Nationale, puis r\u00e9int\u00e9grer l\u2019Autoroute de l\u2019Avenir \u00e0 l\u2019entr\u00e9e n\u00b08, \u00e0 la gare de Keur Massar Sud. Cette d\u00e9viation permettra de contourner le tron\u00e7on ferm\u00e9 tout en maintenant une circulation fluide sur le reste de l\u2019axe autoroutier.<\/p>\n<p>En dehors de ce tron\u00e7on, la circulation sur l\u2019ensemble de l\u2019Autoroute de l\u2019Avenir restera normale et accessible, pr\u00e9cise la SECAA. L\u2019entreprise assure que tous les dispositifs de signalisation et de s\u00e9curit\u00e9 n\u00e9cessaires seront mis en place pour guider les automobilistes et minimiser les risques d\u2019accident durant la p\u00e9riode des travaux.<\/p>\n","protected":false},"excerpt":{"rendered":"La Soci\u00e9t\u00e9 des Entreprises de Construction et d\u2019Am\u00e9nagement de l\u2019Autoroute (SECAA) informe les usagers de l\u2019Autoroute de l\u2019Avenir&hellip;\n","protected":false},"author":2,"featured_media":5330,"comment_status":"","ping_status":"","sticky":false,"template":"","format":"standard","meta":{"footnotes":""},"categories":[48],"tags":[4070,159,163,239],"class_list":{"0":"post-5329","1":"post","2":"type-post","3":"status-publish","4":"format-standard","5":"has-post-thumbnail","7":"category-senegal","8":"tag-autoroute","9":"tag-senegal","10":"tag-senegal-actualites","11":"tag-societe"},"share_on_mastodon":{"url":"","error":""},"_links":{"self":[{"href":"https:\/\/www.europesays.com\/africa\/wp-json\/wp\/v2\/posts\/5329","targetHints":{"allow":["GET"]}}],"collection":[{"href":"https:\/\/www.europesays.com\/africa\/wp-json\/wp\/v2\/posts"}],"about":[{"href":"https:\/\/www.europesays.com\/africa\/wp-json\/wp\/v2\/types\/post"}],"author":[{"embeddable":true,"href":"https:\/\/www.europesays.com\/africa\/wp-json\/wp\/v2\/users\/2"}],"replies":[{"embeddable":true,"href":"https:\/\/www.europesays.com\/africa\/wp-json\/wp\/v2\/comments?post=5329"}],"version-history":[{"count":0,"href":"https:\/\/www.europesays.com\/africa\/wp-json\/wp\/v2\/posts\/5329\/revisions"}],"wp:featuredmedia":[{"embeddable":true,"href":"https:\/\/www.europesays.com\/africa\/wp-json\/wp\/v2\/media\/5330"}],"wp:attachment":[{"href":"https:\/\/www.europesays.com\/africa\/wp-json\/wp\/v2\/media?parent=5329"}],"wp:term":[{"taxonomy":"category","embeddable":true,"href":"https:\/\/www.europesays.com\/africa\/wp-json\/wp\/v2\/categories?post=5329"},{"taxonomy":"post_tag","embeddable":true,"href":"https:\/\/www.europesays.com\/africa\/wp-json\/wp\/v2\/tags?post=5329"}],"curies":[{"name":"wp","href":"https:\/\/api.w.org\/{rel}","templated":true}]}}