{"id":533,"date":"2026-01-03T14:55:18","date_gmt":"2026-01-03T14:55:18","guid":{"rendered":"https:\/\/www.europesays.com\/africa\/533\/"},"modified":"2026-01-03T14:55:18","modified_gmt":"2026-01-03T14:55:18","slug":"maroc-algerie-le-match-qui-fait-rever-et-qui-inquiete","status":"publish","type":"post","link":"https:\/\/www.europesays.com\/africa\/533\/","title":{"rendered":"Maroc\u2013Alg\u00e9rie, le match qui fait r\u00eaver\u2026 et qui inqui\u00e8te"},"content":{"rendered":"<p>Rabat (Maroc), de notre envoy\u00e9 sp\u00e9cial\u00c0 peine la phase \u00e0 \u00e9limination directe entam\u00e9e, une affiche fantasm\u00e9e s\u2019impose d\u00e9j\u00e0 dans les esprits. Alors que les huiti\u00e8mes de finale d\u00e9butent ce samedi \u2014 S\u00e9n\u00e9gal\u2013Soudan \u00e0 Tanger, Mali\u2013Tunisie \u00e0 Casablanca \u2014 la perspective d\u2019une demi-finale Maroc\u2013Alg\u00e9rie s\u2019invite partout. Une rumeur persistante, impossible \u00e0 contenir.<\/p>\n<p>\u00a0<\/p>\n<p>Dans les rues de Rabat, dans les caf\u00e9s de Mekn\u00e8s, jusque dans les foyers de la diaspora \u00e0 Paris, le sc\u00e9nario circule \u00e0 voix basse. Parfois avec excitation, parfois avec une pointe d\u2019angoisse. Comme si chacun savait que ce match-l\u00e0 ne serait jamais tout \u00e0 fait un match comme les autres.<\/p>\n<p>Sportivement, le Maroc avance avec assurance. Premier de leur groupe avec sept points \u2014 deux victoires contre les Comores et la Zambie, un nul face au Mali \u2014 les Lions de l\u2019Atlas ont tenu leur rang.<\/p>\n<p>Dimanche 4 janvier \u00e0 17 heures, au complexe Moulay Abdallah de Rabat, ils affronteront la Tanzanie en huiti\u00e8me de finale. Un adversaire accrocheur, mais \u00e0 la port\u00e9e d\u2019un favori qui joue \u00e0 domicile et affiche clairement son ambition continentale.<\/p>\n<p>\u00ab Il faut rester concentr\u00e9s, match par match \u00bb, mart\u00e8le le staff marocain. Dans la rue, pourtant, peu parlent r\u00e9ellement de la Tanzanie. Tous regardent d\u00e9j\u00e0 plus loin.<\/p>\n<p>&gt;&gt; A lire aussi :\u00a0<a href=\"https:\/\/www.lecourrierdelatlas.com\/can-maroc-2025-une-allechante-affiche-des-huitiemes-de-finale\/\" target=\"_blank\" rel=\"noopener nofollow\">CAN-Maroc 2025 : une all\u00e9chante affiche des huiti\u00e8mes de finale<\/a><img data-lazyloaded=\"1\" fetchpriority=\"high\" decoding=\"async\" class=\"size-full wp-image-208625\" src=\"https:\/\/www.europesays.com\/africa\/wp-content\/uploads\/2026\/01\/000_893J883-copy.jpg\" alt=\"\" width=\"1024\" height=\"682\"  data-\/>Des supporters devant le stade Prince Moulay Abdellah \u00e0 Rabat \u2013 D\u00e9cembre 2025. (Photo : Abdel Majid BZIOUAT \/ AFP)Autour du stade, une fraternit\u00e9 fragile<\/p>\n<p>Aux abords du stade de Rabat, supporters marocains et alg\u00e9riens se croisent, s\u2019interpellent, rient ensemble. Certains \u00e9changent des \u00e9charpes, d\u2019autres posent bras dessus, bras dessous pour des selfies. Une sc\u00e8ne presque irr\u00e9elle au regard de la froideur des relations politiques entre les deux pays.<\/p>\n<p>\u00ab Le football, \u00e7a nous rapproche \u00bb, sourit Yassine, 24 ans, venu de Sal\u00e9 avec ses amis. \u00ab Franchement, voir l\u2019Alg\u00e9rie ici, \u00e7a me fait plaisir. On est voisin, on partage la m\u00eame culture. Sur le terrain, que le meilleur gagne. \u00bb<\/p>\n<p>Un peu plus loin, Karim, supporter alg\u00e9rien install\u00e9 \u00e0 Casablanca pour la dur\u00e9e de la CAN, nuance : \u00ab Pour l\u2019instant, tout va bien. Mais une demi-finale, ce n\u2019est plus la m\u00eame chose. L\u00e0, \u00e7a devient s\u00e9rieux. Tr\u00e8s s\u00e9rieux. \u00bb Cette phrase revient souvent. Pour l\u2019instant.<\/p>\n<p><img loading=\"lazy\" data-lazyloaded=\"1\" decoding=\"async\" class=\"size-full wp-image-208620\" src=\"https:\/\/www.europesays.com\/africa\/wp-content\/uploads\/2026\/01\/000_893J87X.jpg\" alt=\"\" width=\"1024\" height=\"682\"  data-\/>Stade Prince Moulay Abdellah \u00e0 Rabat \u2013 D\u00e9cembre 2025. (Photo : Abdel Majid BZIOUAT \/ AFP)&gt;&gt; A lire aussi :\u00a0<a href=\"https:\/\/www.lecourrierdelatlas.com\/can-2025-lalgerie-avance-sans-bruit-mais-avec-autorite\/\" target=\"_blank\" rel=\"noopener nofollow\">CAN 2025 \u2013 L\u2019Alg\u00e9rie avance sans bruit, mais avec autorit\u00e9<\/a>Mekn\u00e8s, entre passion et prudence<\/p>\n<p>\u00c0 Mekn\u00e8s, les \u00e9crans des caf\u00e9s attirent chaque soir des dizaines de supporters. L\u2019ambiance y est bon enfant, mais sous l\u2019enthousiasme perce une certaine lucidit\u00e9.<\/p>\n<p>\u00ab Je r\u00eave de ce match, bien s\u00fbr \u00bb, confie Samira, 38 ans, drapeau marocain nou\u00e9 autour des \u00e9paules. \u00ab Mais j\u2019ai aussi peur. Pas du football. Des r\u00e9actions autour. On sait comment \u00e7a peut d\u00e9raper. \u00bb<\/p>\n<p>Mehdi, 21 ans, vendeur ambulant, se montre plus direct : \u00a0Sur le terrain, ce serait magnifique. En dehors, je ne suis pas s\u00fbr. Une demi-finale, c\u2019est l\u2019orgueil, l\u2019histoire, les r\u00e9seaux sociaux\u2026 tout peut s\u2019enflammer. \u00bb<\/p>\n<p><img loading=\"lazy\" data-lazyloaded=\"1\" decoding=\"async\" class=\"size-full wp-image-208622\" src=\"https:\/\/www.europesays.com\/africa\/wp-content\/uploads\/2026\/01\/000_88YQ6MM.jpg\" alt=\"\" width=\"1024\" height=\"687\"  data-\/>Supporters alg\u00e9riens au stade Moulay Hassan \u00e0 Rabat \u2013 D\u00e9cembre 2025. (Photo by SEBASTIEN BOZON \/ AFP)&gt;&gt; A lire aussi :\u00a0<a href=\"https:\/\/www.lecourrierdelatlas.com\/can-2025-la-tunisie-se-qualifie-en-huitiemes-sans-convaincre\/\" target=\"_blank\" rel=\"noopener nofollow\">CAN 2025. La Tunisie se qualifie en huiti\u00e8mes, sans convaincre<\/a>Forces de l\u2019ordre en alerte discr\u00e8te<\/p>\n<p>Ces craintes, les autorit\u00e9s les partagent. En discutant avec plusieurs policiers marocains, le constat est unanime : une \u00e9ventuelle demi-finale Maroc\u2013Alg\u00e9rie serait plac\u00e9e sous haute surveillance.<br \/>\u00ab Pour l\u2019instant, l\u2019ambiance est excellente, et on fait tout pour qu\u2019elle le reste \u00bb, explique l\u2019un d\u2019eux sous couvert d\u2019anonymat. \u00ab Mais une demi-finale, c\u2019est une autre dimension. On anticipe, on pr\u00e9pare. Pas pour r\u00e9primer, mais pour pr\u00e9venir. \u00bb<\/p>\n<p>Dispositifs renforc\u00e9s, gestion des flux, pr\u00e9sence accrue autour des stades et dans les centres-villes : le sc\u00e9nario est d\u00e9j\u00e0 envisag\u00e9, m\u00eame si personne ne souhaite encore l\u2019\u00e9voquer officiellement.<\/p>\n<p><img data-lazyloaded=\"1\" loading=\"lazy\" decoding=\"async\" class=\"size-full wp-image-208623\" src=\"https:\/\/www.europesays.com\/africa\/wp-content\/uploads\/2026\/01\/000_1IY2TP.jpg\" alt=\"\" width=\"1024\" height=\"683\"  data-\/>Des supporters alg\u00e9riens c\u00e9l\u00e8brent la victoire de l\u2019Alg\u00e9rie aux Champs-\u00c9lys\u00e9es, \u00e0 Paris, apr\u00e8s la finale de la CAN 2019 remport\u00e9e face au S\u00e9n\u00e9gal (1-0), le 19 juillet 2019. \u00a9 Bertrand GUAY \/ AFP&gt;&gt; A lire aussi : <a href=\"https:\/\/www.lecourrierdelatlas.com\/can-plus-quun-tournoi-le-miroir-dune-fierte-maghrebine\/\" target=\"_blank\" rel=\"noopener nofollow\">CAN. Plus qu\u2019un tournoi, le miroir d\u2019une fiert\u00e9 maghr\u00e9bine<\/a>Paris, la m\u00e9moire des d\u00e9bordements<\/p>\n<p>\u00c0 2 300 kilom\u00e8tres de l\u00e0, Paris suit la CAN avec une attention particuli\u00e8re. La capitale abrite d\u2019importantes communaut\u00e9s marocaine et alg\u00e9rienne, et les souvenirs de d\u00e9bordements r\u00e9cents sont encore vifs.<\/p>\n<p>\u00ab \u00c0 chaque gros match de l\u2019Alg\u00e9rie, on serre un peu les dents \u00bb, raconte Farid, 45 ans, chauffeur VTC \u00e0 Saint-Denis. \u00ab Pas parce que les gens sont violents, mais parce que \u00e7a d\u00e9borde vite. Et apr\u00e8s, tout le monde paie. \u00bb<\/p>\n<p>Des incidents ont \u00e9clat\u00e9 en France apr\u00e8s la victoire de l\u2019Alg\u00e9rie face au Burkina Faso \u00e0 la CAN 2025 (1-0). Des supporters des Fennecs avaient investi les rues pour c\u00e9l\u00e9brer la qualification, avant que des heurts ne surviennent en fin de soir\u00e9e dans plusieurs villes.<\/p>\n<p>\u00c0 Barb\u00e8s, Le\u00efla, Franco-marocaine, se dit partag\u00e9e : \u00ab J\u2019aimerais tellement voir ce match. Mais quand je pense aux arr\u00eat\u00e9s pr\u00e9fectoraux, aux interdictions de rassemblement, \u00e0 la tension polici\u00e8re\u2026 \u00e7a enl\u00e8ve un peu de magie. \u00bb<\/p>\n<p>La pr\u00e9fecture de police de Paris avait d\u00e9j\u00e0 interdit, par arr\u00eat\u00e9, les rassemblements de supporters de la CAN sur les Champs-\u00c9lys\u00e9es jusqu\u2019au 1er janvier. D\u2019autres restrictions pourraient suivre pour les phases finales. Une demi-finale 100 % maghr\u00e9bine \u00e0 la CAN aurait ainsi des r\u00e9percussions bien au-del\u00e0 du rectangle vert.<\/p>\n<p><img data-lazyloaded=\"1\" loading=\"lazy\" decoding=\"async\" class=\"alignnone size-full wp-image-208595\" src=\"https:\/\/www.europesays.com\/africa\/wp-content\/uploads\/2026\/01\/huitiemes-caf.jpg\" alt=\"\" width=\"1024\" height=\"577\"  data-\/>Le r\u00eave avant tout<\/p>\n<p>Mais pour l\u2019heure, le football reprend ses droits. Le Maroc doit d\u2019abord battre la Tanzanie, puis potentiellement l\u2019Afrique du Sud ou le Cameroun. De son c\u00f4t\u00e9, l\u2019Alg\u00e9rie devra \u00e9carter la RDC avant de survivre \u00e0 un quart de finale pi\u00e9geux face au Nigeria ou au Mozambique. Rien n\u2019est \u00e9crit. Et c\u2019est sans doute ce qui rend ce sc\u00e9nario si puissant.<\/p>\n<p>\u00ab Si \u00e7a arrive, ce sera historique \u00bb, r\u00e9sume Abdellah, retrait\u00e9 \u00e0 Rabat, qui suit la CAN depuis des d\u00e9cennies. \u00ab Mais il faudra \u00eatre \u00e0 la hauteur, sur le terrain comme en dehors. Le football peut unir. Il peut aussi r\u00e9v\u00e9ler nos fragilit\u00e9s. \u00bb<\/p>\n<p>Une demi-finale Maroc\u2013Alg\u00e9rie serait le sommet \u00e9motionnel de cette CAN. Un match de r\u00eave. Un match \u00e0 risques. Un miroir tendu \u00e0 deux peuples passionn\u00e9s, capables du meilleur\u2026 comme du pire.<\/p>\n<p>\u00a0<\/p>\n<p>\u00a0<\/p>\n","protected":false},"excerpt":{"rendered":"Rabat (Maroc), de notre envoy\u00e9 sp\u00e9cial\u00c0 peine la phase \u00e0 \u00e9limination directe entam\u00e9e, une affiche fantasm\u00e9e s\u2019impose d\u00e9j\u00e0&hellip;\n","protected":false},"author":2,"featured_media":534,"comment_status":"","ping_status":"","sticky":false,"template":"","format":"standard","meta":{"footnotes":""},"categories":[254],"tags":[255,179,716,717,718,719,720,158,721,722,723,724,725,726,544],"class_list":{"0":"post-533","1":"post","2":"type-post","3":"status-publish","4":"format-standard","5":"has-post-thumbnail","7":"category-algerie","8":"tag-algerie","9":"tag-can-2025","10":"tag-demi-finale","11":"tag-diaspora","12":"tag-fennecs","13":"tag-football-africain","14":"tag-lions-de-latlas","15":"tag-maroc","16":"tag-maroc-algerie","17":"tag-meknes","18":"tag-paris","19":"tag-rabat","20":"tag-rivalite-maghrebine","21":"tag-securite","22":"tag-supporters"},"share_on_mastodon":{"url":"","error":""},"_links":{"self":[{"href":"https:\/\/www.europesays.com\/africa\/wp-json\/wp\/v2\/posts\/533","targetHints":{"allow":["GET"]}}],"collection":[{"href":"https:\/\/www.europesays.com\/africa\/wp-json\/wp\/v2\/posts"}],"about":[{"href":"https:\/\/www.europesays.com\/africa\/wp-json\/wp\/v2\/types\/post"}],"author":[{"embeddable":true,"href":"https:\/\/www.europesays.com\/africa\/wp-json\/wp\/v2\/users\/2"}],"replies":[{"embeddable":true,"href":"https:\/\/www.europesays.com\/africa\/wp-json\/wp\/v2\/comments?post=533"}],"version-history":[{"count":0,"href":"https:\/\/www.europesays.com\/africa\/wp-json\/wp\/v2\/posts\/533\/revisions"}],"wp:featuredmedia":[{"embeddable":true,"href":"https:\/\/www.europesays.com\/africa\/wp-json\/wp\/v2\/media\/534"}],"wp:attachment":[{"href":"https:\/\/www.europesays.com\/africa\/wp-json\/wp\/v2\/media?parent=533"}],"wp:term":[{"taxonomy":"category","embeddable":true,"href":"https:\/\/www.europesays.com\/africa\/wp-json\/wp\/v2\/categories?post=533"},{"taxonomy":"post_tag","embeddable":true,"href":"https:\/\/www.europesays.com\/africa\/wp-json\/wp\/v2\/tags?post=533"}],"curies":[{"name":"wp","href":"https:\/\/api.w.org\/{rel}","templated":true}]}}