{"id":5403,"date":"2026-01-05T16:38:24","date_gmt":"2026-01-05T16:38:24","guid":{"rendered":"https:\/\/www.europesays.com\/africa\/5403\/"},"modified":"2026-01-05T16:38:24","modified_gmt":"2026-01-05T16:38:24","slug":"le-senegal-et-le-mali-saffrontent-en-quarts-de-finale-de-la-can","status":"publish","type":"post","link":"https:\/\/www.europesays.com\/africa\/5403\/","title":{"rendered":"Le S\u00e9n\u00e9gal et le Mali s&#8217;affrontent en quarts de finale de la CAN"},"content":{"rendered":"<p class=\"mb-4 text-lg md:leading-8 break-words\">Le footballeur africain de l&#8217;ann\u00e9e 2019 et 2022 a poursuivi et harcel\u00e9 ses co\u00e9quipiers, leur offrant des buts et des occasions, montrant l&#8217;exemple en l&#8217;absence du capitaine Kalidou Koulibaly, suspendu.<\/p>\n<p class=\"mb-4 text-lg md:leading-8 break-words\">Man\u00e9 a \u00e9t\u00e9 \u00e0 l&#8217;origine du premier but du milieu de terrain Pape Gueye et du but du rempla\u00e7ant Ibrahim Mbaye pour envoyer les Lions de la Teranga, champions 2021, en quart de finale contre le Mali, qui a tenu bon \u00e0 10 dans une nuit froide et humide \u00e0 Casablanca pour battre la Tunisie 3-2 dans une s\u00e9ance de tirs au but.<\/p>\n<p class=\"mb-4 text-lg md:leading-8 break-words\">&#8220;Nous avons d\u00fb creuser profond\u00e9ment&#8221;, a d\u00e9clar\u00e9 l&#8217;entra\u00eeneur du S\u00e9n\u00e9gal, Pape Thiaw, dont l&#8217;\u00e9quipe a connu un premier revers lorsque Aamir Abdallah a surpris les favoris en ouvrant le score pour le Soudan \u00e0 la sixi\u00e8me minute.<\/p>\n<p class=\"mb-4 text-lg md:leading-8 break-words\">Ce fut le premier et dernier but marqu\u00e9 par un joueur soudanais dans le tournoi. Les Faucons de Jediane ont battu la Guin\u00e9e \u00e9quatoriale en phase de groupe gr\u00e2ce \u00e0 un but contre son camp.<\/p>\n<p class=\"mb-4 text-lg md:leading-8 break-words\">Les Soudanais, qui ont jou\u00e9 tous leurs matches de qualification \u00e0 l&#8217;ext\u00e9rieur, alors que le pays est en proie \u00e0 une guerre brutale et \u00e0 une crise humanitaire, ont fait preuve d&#8217;audace face au S\u00e9n\u00e9gal.<\/p>\n<p>Le Mali, encore plus loin<\/p>\n<p class=\"mb-4 text-lg md:leading-8 break-words\">El Bilal Tour\u00e9 a propuls\u00e9 le Mali en quarts de finale en inscrivant le penalty victorieux lors de la s\u00e9ance de tirs au but face \u00e0 la Tunisie (3-2), apr\u00e8s une prolongation qui s&#8217;\u00e9tait sold\u00e9e par un score de 1-1.<\/p>\n<p class=\"mb-4 text-lg md:leading-8 break-words\">Le gardien malien Djigui Diarra a arr\u00eat\u00e9 deux penalties pour compenser les \u00e9checs d&#8217;Yves Bissouma et de Dorgeles Nene. Les Aigles se pr\u00e9parent \u00e0 affronter le S\u00e9n\u00e9gal \u00e0 Tanger le 9 janvier.<\/p>\n<p class=\"mb-4 text-lg md:leading-8 break-words\">La Tunisie a d\u00fb regretter l&#8217;absence d&#8217;Ali Abdi et les arr\u00eats de Diarra sur Elias Achouri et Mohamed Ben Romdhane. Les Tunisiens n&#8217;ont pas r\u00e9ussi \u00e0 battre le Mali malgr\u00e9 la pr\u00e9sence d&#8217;un joueur suppl\u00e9mentaire \u00e0 partir de la 26e minute, lorsque Woyo Coulibaly a re\u00e7u un carton rouge pour un tacle dangereux sur Hannibal Mejbri.<\/p>\n<p class=\"mb-4 text-lg md:leading-8 break-words\">C&#8217;\u00e9tait l&#8217;un des nombreux mauvais tacles. L&#8217;arbitre Abongile Tom avait d\u00e9j\u00e0 distribu\u00e9 quatre cartons jaunes avant le rouge.<\/p>\n<p class=\"mb-4 text-lg md:leading-8 break-words\">Coulibaly est le deuxi\u00e8me joueur malien expuls\u00e9 en deux matches apr\u00e8s Amadou Haidara contre les Comores.<\/p>\n<p class=\"mb-4 text-lg md:leading-8 break-words\">M\u00eame apr\u00e8s l&#8217;expulsion, ni le Mali ni la Tunisie n&#8217;ont r\u00e9ussi \u00e0 tirer au but en premi\u00e8re mi-temps.<\/p>\n<p class=\"mb-4 text-lg md:leading-8 break-words\">Il a fallu attendre la 88e minute pour qu&#8217;Elias Saad centre pour Firas Chaouat qui a marqu\u00e9 de la t\u00eate ce que tout le monde pensait \u00eatre le but de la victoire tunisienne.<\/p>\n<p class=\"mb-4 text-lg md:leading-8 break-words\">Mais le d\u00e9fenseur tunisien Yassine Meriah a conc\u00e9d\u00e9 un penalty dans les arr\u00eats de jeu, et Lassine Sinayoko a \u00e9galis\u00e9 sur le point de penalty pour envoyer le match en prolongation. C&#8217;est le premier tir cadr\u00e9 du Mali.<\/p>\n<p class=\"mb-4 text-lg md:leading-8 break-words\">Sinayoko a \u00e9galement marqu\u00e9 dans la s\u00e9ance de tirs au but pour remettre l&#8217;\u00e9quipe \u00e0 \u00e9galit\u00e9 apr\u00e8s que le capitaine malien Yves Bissouma ait commenc\u00e9 par tirer sur son penalty.<\/p>\n","protected":false},"excerpt":{"rendered":"Le footballeur africain de l&#8217;ann\u00e9e 2019 et 2022 a poursuivi et harcel\u00e9 ses co\u00e9quipiers, leur offrant des buts&hellip;\n","protected":false},"author":2,"featured_media":5404,"comment_status":"","ping_status":"","sticky":false,"template":"","format":"standard","meta":{"footnotes":""},"categories":[48],"tags":[1546,4137,4138,4139,3930,1537,1540,1539,1541,2080,4135,2078,2081,4133,4134,2077,159,4136,4140],"class_list":{"0":"post-5403","1":"post","2":"type-post","3":"status-publish","4":"format-standard","5":"has-post-thumbnail","7":"category-senegal","8":"tag-amadou-haidara","9":"tag-bissouma","10":"tag-djigui-diarra","11":"tag-elias-achouri","12":"tag-firas-chaouat","13":"tag-hannibal-mejbri","14":"tag-ibrahim-mbaye","15":"tag-kalidou-koulibaly","16":"tag-lassine-sinayoko","17":"tag-le-mali","18":"tag-le-rouge","19":"tag-lions-de-la-teranga","20":"tag-pape-gueye","21":"tag-pape-thiaw","22":"tag-quart-de-finale","23":"tag-quarts-de-finale","24":"tag-senegal","25":"tag-woyo-coulibaly","26":"tag-yassine-meriah"},"share_on_mastodon":{"url":"","error":""},"_links":{"self":[{"href":"https:\/\/www.europesays.com\/africa\/wp-json\/wp\/v2\/posts\/5403","targetHints":{"allow":["GET"]}}],"collection":[{"href":"https:\/\/www.europesays.com\/africa\/wp-json\/wp\/v2\/posts"}],"about":[{"href":"https:\/\/www.europesays.com\/africa\/wp-json\/wp\/v2\/types\/post"}],"author":[{"embeddable":true,"href":"https:\/\/www.europesays.com\/africa\/wp-json\/wp\/v2\/users\/2"}],"replies":[{"embeddable":true,"href":"https:\/\/www.europesays.com\/africa\/wp-json\/wp\/v2\/comments?post=5403"}],"version-history":[{"count":0,"href":"https:\/\/www.europesays.com\/africa\/wp-json\/wp\/v2\/posts\/5403\/revisions"}],"wp:featuredmedia":[{"embeddable":true,"href":"https:\/\/www.europesays.com\/africa\/wp-json\/wp\/v2\/media\/5404"}],"wp:attachment":[{"href":"https:\/\/www.europesays.com\/africa\/wp-json\/wp\/v2\/media?parent=5403"}],"wp:term":[{"taxonomy":"category","embeddable":true,"href":"https:\/\/www.europesays.com\/africa\/wp-json\/wp\/v2\/categories?post=5403"},{"taxonomy":"post_tag","embeddable":true,"href":"https:\/\/www.europesays.com\/africa\/wp-json\/wp\/v2\/tags?post=5403"}],"curies":[{"name":"wp","href":"https:\/\/api.w.org\/{rel}","templated":true}]}}