{"id":5423,"date":"2026-01-05T16:52:13","date_gmt":"2026-01-05T16:52:13","guid":{"rendered":"https:\/\/www.europesays.com\/africa\/5423\/"},"modified":"2026-01-05T16:52:13","modified_gmt":"2026-01-05T16:52:13","slug":"algerie-can-2025-luca-zidane-defendre-mon-pays-est-une-fierte-nos-supporters-sont-les-meilleurs","status":"publish","type":"post","link":"https:\/\/www.europesays.com\/africa\/5423\/","title":{"rendered":"Alg\u00e9rie \/ CAN 2025 &#8211; Luca Zidane : \u00ab D\u00e9fendre mon pays est une fiert\u00e9, nos supporters sont les meilleurs \u00bb"},"content":{"rendered":"<p>            <a href=\"https:\/\/lagazettedufennec.com\/?pm_click=200467\" target=\"_blank\" rel=\"noopener nofollow\"><img loading=\"lazy\" width=\"2560\" height=\"660\" alt=\"\" decoding=\"async\" style=\"max-width:100%;height:auto;display:block;width:100%\" class=\"perfmatters-lazy\" src=\"https:\/\/www.europesays.com\/africa\/wp-content\/uploads\/2026\/01\/banner2-min-scaled.png\"\/><img width=\"2560\" height=\"660\" src=\"https:\/\/www.europesays.com\/africa\/wp-content\/uploads\/2026\/01\/banner2-min-scaled.png\" alt=\"\" loading=\"lazy\" decoding=\"async\" style=\"max-width:100%;height:auto;display:block;width:100%\"\/><\/a><img decoding=\"async\" alt=\"\" style=\"display:none;width:1px;height:1px;\" class=\"perfmatters-lazy\" src=\"https:\/\/www.europesays.com\/africa\/wp-content\/uploads\/2026\/01\/admin-ajax.gif\"\/><img decoding=\"async\" src=\"https:\/\/www.europesays.com\/africa\/wp-content\/uploads\/2026\/01\/admin-ajax.gif\" alt=\"\" style=\"display:none;width:1px;height:1px;\"\/><\/p>\n<p style=\"text-align: justify\">Dans une interview accord\u00e9e au canal officiel de la Conf\u00e9d\u00e9ration africaine de football (CAF) et reprise par El Heddaf, Luca Zidane a exprim\u00e9 sa fiert\u00e9 de repr\u00e9senter l\u2019Alg\u00e9rie \u00e0 la CAN. Le gardien a salu\u00e9 le soutien exceptionnel des supporters, \u00e9voqu\u00e9 son ambition de construire sa propre histoire avec les Verts et soulign\u00e9 l\u2019importance de sa famille. Il s\u2019est aussi dit heureux de d\u00e9couvrir le football africain et d\u00e9termin\u00e9 \u00e0 se qualifier face \u00e0 la RD Congo.<\/p>\n","protected":false},"excerpt":{"rendered":"Dans une interview accord\u00e9e au canal officiel de la Conf\u00e9d\u00e9ration africaine de football (CAF) et reprise par El&hellip;\n","protected":false},"author":2,"featured_media":5424,"comment_status":"","ping_status":"","sticky":false,"template":"","format":"standard","meta":{"footnotes":""},"categories":[254],"tags":[255,4157,4158,4159,4160],"class_list":{"0":"post-5423","1":"post","2":"type-post","3":"status-publish","4":"format-standard","5":"has-post-thumbnail","7":"category-algerie","8":"tag-algerie","9":"tag-luca-zidane","10":"tag-luca-zidane-algu00e9rie","11":"tag-luca-zidane-can-2025","12":"tag-zidane"},"share_on_mastodon":{"url":"","error":""},"_links":{"self":[{"href":"https:\/\/www.europesays.com\/africa\/wp-json\/wp\/v2\/posts\/5423","targetHints":{"allow":["GET"]}}],"collection":[{"href":"https:\/\/www.europesays.com\/africa\/wp-json\/wp\/v2\/posts"}],"about":[{"href":"https:\/\/www.europesays.com\/africa\/wp-json\/wp\/v2\/types\/post"}],"author":[{"embeddable":true,"href":"https:\/\/www.europesays.com\/africa\/wp-json\/wp\/v2\/users\/2"}],"replies":[{"embeddable":true,"href":"https:\/\/www.europesays.com\/africa\/wp-json\/wp\/v2\/comments?post=5423"}],"version-history":[{"count":0,"href":"https:\/\/www.europesays.com\/africa\/wp-json\/wp\/v2\/posts\/5423\/revisions"}],"wp:featuredmedia":[{"embeddable":true,"href":"https:\/\/www.europesays.com\/africa\/wp-json\/wp\/v2\/media\/5424"}],"wp:attachment":[{"href":"https:\/\/www.europesays.com\/africa\/wp-json\/wp\/v2\/media?parent=5423"}],"wp:term":[{"taxonomy":"category","embeddable":true,"href":"https:\/\/www.europesays.com\/africa\/wp-json\/wp\/v2\/categories?post=5423"},{"taxonomy":"post_tag","embeddable":true,"href":"https:\/\/www.europesays.com\/africa\/wp-json\/wp\/v2\/tags?post=5423"}],"curies":[{"name":"wp","href":"https:\/\/api.w.org\/{rel}","templated":true}]}}