{"id":5451,"date":"2026-01-05T17:06:07","date_gmt":"2026-01-05T17:06:07","guid":{"rendered":"https:\/\/www.europesays.com\/africa\/5451\/"},"modified":"2026-01-05T17:06:07","modified_gmt":"2026-01-05T17:06:07","slug":"a-la-veille-du-choc-face-a-la-rd-congo-petkovic-recoit-une-bonne-nouvelle","status":"publish","type":"post","link":"https:\/\/www.europesays.com\/africa\/5451\/","title":{"rendered":"\u00c0 la veille du choc face \u00e0 la RD Congo, Petkovic re\u00e7oit une bonne nouvelle"},"content":{"rendered":"<p style=\"text-align: justify;\" data-start=\"62\" data-end=\"541\">\u00c0 la veille du choc tr\u00e8s attendu face \u00e0 la RD Congo en huiti\u00e8me de finale de la CAN 2025, le s\u00e9lectionneur Vladimir Petkovic a enregistr\u00e9 une nouvelle rassurante. <\/p>\n<p style=\"text-align: justify;\" data-start=\"62\" data-end=\"541\">D\u00e9j\u00e0 confront\u00e9 \u00e0 un groupe amoindri par plusieurs absences, le technicien suisse a vu le lat\u00e9ral gauche Rayan Ait Nouri effectuer son retour \u00e0 l\u2019entra\u00eenement ce lundi. Le joueur de Manchester City \u00e9tait absent depuis vendredi dernier en raison d\u2019un \u00e9tat grippal, comme l\u2019a pr\u00e9cis\u00e9 la F\u00e9d\u00e9ration alg\u00e9rienne de football.<\/p>\n<p style=\"text-align: justify;\" data-start=\"543\" data-end=\"1083\">Ce retour tombe \u00e0 point nomm\u00e9 pour Petkovic et son staff, d\u2019autant plus que la s\u00e9lection a enregistr\u00e9, le m\u00eame jour, le d\u00e9part de Jaouen Hadjam. Touch\u00e9 et insuffisamment remis, l\u2019autre lat\u00e9ral gauche a d\u00fb quitter le rassemblement et ne pourra pas poursuivre la comp\u00e9tition. Une absence qui r\u00e9duit encore les options d\u00e9fensives, m\u00eame si la pr\u00e9sence d\u2019Ait Nouri redonne de l\u2019\u00e9quilibre au couloir gauche. Reste toutefois \u00e0 savoir si le joueur est en mesure d\u2019encha\u00eener 90 minutes, voire plus, face \u00e0 l\u2019intensit\u00e9 physique annonc\u00e9e des L\u00e9opards.<\/p>\n<p>Petkovic toujours confront\u00e9 \u00e0 un groupe diminu\u00e9<\/p>\n<p style=\"text-align: justify;\" data-start=\"1117\" data-end=\"1328\">En plus de Hadjam, Mohamed Touga\u00ef et Samir Chergui ne se sont pas entra\u00een\u00e9s avec le groupe. Les deux joueurs sont donc forfaits pour cette rencontre d\u00e9cisive. Qualifi\u00e9s en t\u00eate du groupe E apr\u00e8s un parcours ma\u00eetris\u00e9, les Fennecs abordent ce rendez-vous avec ambition, mais aussi vigilance. En face, la RD Congo se pr\u00e9sente avec un effectif solide et une r\u00e9elle d\u00e9termination \u00e0 frapper fort. Un duel prometteur, o\u00f9 chaque d\u00e9tail pourrait faire la diff\u00e9rence.<\/p>\n<p>LIRE EGALEMENT : <a href=\"https:\/\/lagazettedufennec.com\/can-2025-algerie-un-fennec-definitivement-forfait-pour-la-suite-du-tournoi\/\" rel=\"nofollow noopener\" target=\"_blank\">CAN 2025\/Alg\u00e9rie : Un Fennec d\u00e9finitivement forfait pour la suite du tournoi !<\/a><\/p>\n","protected":false},"excerpt":{"rendered":"\u00c0 la veille du choc tr\u00e8s attendu face \u00e0 la RD Congo en huiti\u00e8me de finale de la&hellip;\n","protected":false},"author":2,"featured_media":5452,"comment_status":"","ping_status":"","sticky":false,"template":"","format":"standard","meta":{"footnotes":""},"categories":[254],"tags":[628,629,631,255,256,3865,632,1271],"class_list":{"0":"post-5451","1":"post","2":"type-post","3":"status-publish","4":"format-standard","5":"has-post-thumbnail","7":"category-algerie","8":"tag-ait-nouri","9":"tag-ait-nouri-algu00e9rie","10":"tag-ait-nouri-can-2025","11":"tag-algerie","12":"tag-algu00e9rie-can","13":"tag-petkovic","14":"tag-rayan-ait-nouri","15":"tag-vladimir-petkovic"},"share_on_mastodon":{"url":"","error":""},"_links":{"self":[{"href":"https:\/\/www.europesays.com\/africa\/wp-json\/wp\/v2\/posts\/5451","targetHints":{"allow":["GET"]}}],"collection":[{"href":"https:\/\/www.europesays.com\/africa\/wp-json\/wp\/v2\/posts"}],"about":[{"href":"https:\/\/www.europesays.com\/africa\/wp-json\/wp\/v2\/types\/post"}],"author":[{"embeddable":true,"href":"https:\/\/www.europesays.com\/africa\/wp-json\/wp\/v2\/users\/2"}],"replies":[{"embeddable":true,"href":"https:\/\/www.europesays.com\/africa\/wp-json\/wp\/v2\/comments?post=5451"}],"version-history":[{"count":0,"href":"https:\/\/www.europesays.com\/africa\/wp-json\/wp\/v2\/posts\/5451\/revisions"}],"wp:featuredmedia":[{"embeddable":true,"href":"https:\/\/www.europesays.com\/africa\/wp-json\/wp\/v2\/media\/5452"}],"wp:attachment":[{"href":"https:\/\/www.europesays.com\/africa\/wp-json\/wp\/v2\/media?parent=5451"}],"wp:term":[{"taxonomy":"category","embeddable":true,"href":"https:\/\/www.europesays.com\/africa\/wp-json\/wp\/v2\/categories?post=5451"},{"taxonomy":"post_tag","embeddable":true,"href":"https:\/\/www.europesays.com\/africa\/wp-json\/wp\/v2\/tags?post=5451"}],"curies":[{"name":"wp","href":"https:\/\/api.w.org\/{rel}","templated":true}]}}