{"id":54843,"date":"2026-01-30T17:28:07","date_gmt":"2026-01-30T17:28:07","guid":{"rendered":"https:\/\/www.europesays.com\/africa\/54843\/"},"modified":"2026-01-30T17:28:07","modified_gmt":"2026-01-30T17:28:07","slug":"pourquoi-le-maroc-simpose-desormais-comme-un-pilier-strategique-de-leurope","status":"publish","type":"post","link":"https:\/\/www.europesays.com\/africa\/54843\/","title":{"rendered":"Pourquoi le Maroc s\u2019impose d\u00e9sormais comme un pilier strat\u00e9gique de l\u2019Europe"},"content":{"rendered":"<p data-start=\"396\" data-end=\"766\">Le Maroc confirme sa place centrale dans l\u2019architecture strat\u00e9gique euro-m\u00e9diterran\u00e9enne.<br data-start=\"489\" data-end=\"492\"\/>\u00c0 Bruxelles, lors de la 15\u1d49 session du Conseil d\u2019association Maroc\u2013Union europ\u00e9enne, le Royaume a \u00e9t\u00e9 qualifi\u00e9 d\u2019alli\u00e9 indispensable par le ministre espagnol des Affaires \u00e9trang\u00e8res, Jos\u00e9 Manuel Albares, illustrant une convergence strat\u00e9gique devenue incontournable.<\/p>\n<p data-start=\"768\" data-end=\"1235\">Le chef de la diplomatie espagnole a soulign\u00e9 que cette session constitue un moment cl\u00e9 des relations euro-marocaines, en ce qu\u2019elle permet de renforcer la coop\u00e9ration dans l\u2019ensemble des domaines et de positionner le Maroc au c\u0153ur des priorit\u00e9s strat\u00e9giques de l\u2019Union europ\u00e9enne.<br data-start=\"1057\" data-end=\"1060\"\/>Selon lui, il est d\u00e9sormais impensable de relever les d\u00e9fis communs et de b\u00e2tir l\u2019avenir de l\u2019Union europ\u00e9enne sans des relations solides et de premier plan avec le Maroc.<\/p>\n<p data-start=\"1237\" data-end=\"1610\">Cette reconnaissance s\u2019inscrit dans un contexte marqu\u00e9 par des d\u00e9fis g\u00e9opolitiques majeurs, o\u00f9 la stabilit\u00e9 r\u00e9gionale, la coop\u00e9ration s\u00e9curitaire, la gestion des flux migratoires, le d\u00e9veloppement \u00e9conomique et le partenariat \u00e9nerg\u00e9tique occupent une place centrale. Autant de domaines dans lesquels le Maroc s\u2019affirme comme un acteur fiable, structurant et engag\u00e9.<\/p>\n<p data-start=\"1612\" data-end=\"1915\">Le ministre espagnol a \u00e9galement insist\u00e9 sur la prise de conscience collective, par l\u2019ensemble des \u00c9tats membres de l\u2019Union europ\u00e9enne, de l\u2019importance strat\u00e9gique du Maroc pour la stabilit\u00e9 et le d\u00e9veloppement de la r\u00e9gion euro-m\u00e9diterran\u00e9enne, mais aussi pour l\u2019Union europ\u00e9enne dans son ensemble.<\/p>\n<p data-start=\"1917\" data-end=\"2459\">Dans le m\u00eame esprit, le vice-Premier ministre et ministre des Affaires \u00e9trang\u00e8res et du Tourisme de Malte, Ian Borg, a qualifi\u00e9 le Maroc de partenaire indispensable, fiable et majeur pour l\u2019Union europ\u00e9enne dans le cadre de son partenariat avec le voisinage sud.<br data-start=\"2183\" data-end=\"2186\"\/>Il a soulign\u00e9 que cette session ne se limite pas \u00e0 une simple r\u00e9union institutionnelle ou \u00e0 la c\u00e9l\u00e9bration de 30 ans de coop\u00e9ration, mais constitue surtout une projection vers l\u2019avenir, visant \u00e0 adapter et \u00e0 renforcer l\u2019accord d\u2019association face aux enjeux actuels.<\/p>\n<p data-start=\"2461\" data-end=\"2626\">\u00c0 travers cette dynamique, le Maroc consolide son r\u00f4le de partenaire strat\u00e9gique de r\u00e9f\u00e9rence, au croisement des int\u00e9r\u00eats europ\u00e9ens, m\u00e9diterran\u00e9ens et africains.<\/p>\n","protected":false},"excerpt":{"rendered":"Le Maroc confirme sa place centrale dans l\u2019architecture strat\u00e9gique euro-m\u00e9diterran\u00e9enne.\u00c0 Bruxelles, lors de la 15\u1d49 session du Conseil&hellip;\n","protected":false},"author":2,"featured_media":54844,"comment_status":"","ping_status":"","sticky":false,"template":"","format":"standard","meta":{"footnotes":""},"categories":[40],"tags":[24164,158,32000,6628,32001,32002,28994],"class_list":{"0":"post-54843","1":"post","2":"type-post","3":"status-publish","4":"format-standard","5":"has-post-thumbnail","7":"category-morocco","8":"tag-diplomatie-marocaine","9":"tag-maroc","10":"tag-maroc-union-europeenne","11":"tag-partenariat-strategique","12":"tag-politique-etrangere-marocaine","13":"tag-relations-euro-mediterraneennes","14":"tag-videos-a-la-une"},"share_on_mastodon":{"url":"","error":""},"_links":{"self":[{"href":"https:\/\/www.europesays.com\/africa\/wp-json\/wp\/v2\/posts\/54843","targetHints":{"allow":["GET"]}}],"collection":[{"href":"https:\/\/www.europesays.com\/africa\/wp-json\/wp\/v2\/posts"}],"about":[{"href":"https:\/\/www.europesays.com\/africa\/wp-json\/wp\/v2\/types\/post"}],"author":[{"embeddable":true,"href":"https:\/\/www.europesays.com\/africa\/wp-json\/wp\/v2\/users\/2"}],"replies":[{"embeddable":true,"href":"https:\/\/www.europesays.com\/africa\/wp-json\/wp\/v2\/comments?post=54843"}],"version-history":[{"count":0,"href":"https:\/\/www.europesays.com\/africa\/wp-json\/wp\/v2\/posts\/54843\/revisions"}],"wp:featuredmedia":[{"embeddable":true,"href":"https:\/\/www.europesays.com\/africa\/wp-json\/wp\/v2\/media\/54844"}],"wp:attachment":[{"href":"https:\/\/www.europesays.com\/africa\/wp-json\/wp\/v2\/media?parent=54843"}],"wp:term":[{"taxonomy":"category","embeddable":true,"href":"https:\/\/www.europesays.com\/africa\/wp-json\/wp\/v2\/categories?post=54843"},{"taxonomy":"post_tag","embeddable":true,"href":"https:\/\/www.europesays.com\/africa\/wp-json\/wp\/v2\/tags?post=54843"}],"curies":[{"name":"wp","href":"https:\/\/api.w.org\/{rel}","templated":true}]}}