{"id":557,"date":"2026-01-03T15:07:12","date_gmt":"2026-01-03T15:07:12","guid":{"rendered":"https:\/\/www.europesays.com\/africa\/557\/"},"modified":"2026-01-03T15:07:12","modified_gmt":"2026-01-03T15:07:12","slug":"afrique-porte-par-son-peuple-nourri-par-la-conviction-le-soudan-espere-prolonger-son-histoire-a-la-can","status":"publish","type":"post","link":"https:\/\/www.europesays.com\/africa\/557\/","title":{"rendered":"Afrique: Port\u00e9 par son peuple, nourri par la conviction &#8211; Le Soudan esp\u00e8re prolonger son histoire \u00e0 la CAN"},"content":{"rendered":"<p class=\"story-body-text\" data-para-word-count=\"37\">Le capitaine du Soudan, Mohamed Abdelrahman, affirme que la fiert\u00e9 et le sens des responsabilit\u00e9s portent aujourd&#8217;hui les Faucons de Jediane, qualifi\u00e9s pour la phase \u00e0 \u00e9limination directe de la TotalEnergies Coupe d&#8217;Afrique des Nations Maroc 2025.<\/p>\n<p class=\"story-body-text\" data-para-word-count=\"56\">Sacr\u00e9 champion d&#8217;Afrique en 1970, le Soudan a valid\u00e9 son billet pour les huiti\u00e8mes de finale en terminant parmi les quatre meilleurs troisi\u00e8mes de la phase de groupes. Une qualification qui a provoqu\u00e9 un immense \u00e9lan de joie au sein du peuple soudanais, dans un contexte national marqu\u00e9 par les difficult\u00e9s li\u00e9es au conflit en cours.<\/p>\n<p class=\"story-body-text\" data-para-word-count=\"34\">Le capitaine a tenu \u00e0 souligner l&#8217;importance de cet accomplissement, tout en rappelant que l&#8217;\u00e9quipe reste concentr\u00e9e sur une approche progressive de la comp\u00e9tition, match apr\u00e8s match, \u00e0 l&#8217;aube des rencontres \u00e0 \u00e9limination directe.<\/p>\n<p class=\"story-body-text\" data-para-word-count=\"49\">En huiti\u00e8mes de finale, le Soudan affrontera le S\u00e9n\u00e9gal, ancien champion d&#8217;Afrique, dans un duel qui s&#8217;annonce particuli\u00e8rement exigeant. Malgr\u00e9 la qualit\u00e9 de l&#8217;adversaire, Abdelrahman insiste sur les principes qui guident son \u00e9quipe : la d\u00e9termination, la confiance en soi et l&#8217;envie de livrer des prestations de haut niveau.<\/p>\n<p class=\"story-body-text\" style=\"text-align: center;\">\n<p>Suivez-nous sur <a href=\"https:\/\/whatsapp.com\/channel\/0029Vae09IP4inotqC0BUQ2V\" target=\"_blank\" rel=\"nofollow noopener\">WhatsApp<\/a> | <a href=\"https:\/\/www.linkedin.com\/company\/allafrica\/\" target=\"_blank\" rel=\"nofollow noopener\">LinkedIn<\/a> pour les derniers titres<\/p>\n<p class=\"story-body-text\" data-para-word-count=\"84\">Dans un entretien accord\u00e9 \u00e0 CAFonline.com, le capitaine soudanais est revenu sur cette qualification pour la phase \u00e0 \u00e9limination directe de la CAN, une premi\u00e8re depuis 2012. Il d\u00e9crit cette \u00e9tape comme le fruit d&#8217;un effort collectif, d&#8217;une unit\u00e9 forte et d&#8217;un engagement commun \u00e0 rendre fier le peuple soudanais \u00e0 travers le football. Il a \u00e9galement salu\u00e9 le soutien ind\u00e9fectible des supporters, au pays comme au Maroc, r\u00e9affirmant la volont\u00e9 du groupe de tout donner sur le terrain pour l&#8217;honneur de la nation.<\/p>\n<p class=\"story-body-text\" data-para-word-count=\"43\">CAFonline.com : Comment vivez-vous cette joie de vous qualifier pour la phase \u00e0 \u00e9limination directe de la CAN pour la premi\u00e8re fois depuis 2012, notamment au regard de la situation au Soudan et du bonheur de vos supporters et de vos familles ?<\/p>\n<p class=\"story-body-text\" data-para-word-count=\"37\">Mohamed Abdelrahman : Franchir la phase de groupes \u00e9tait un objectif strat\u00e9gique que nous nous \u00e9tions fix\u00e9 avant le d\u00e9but de cette \u00e9dition, et gr\u00e2ce \u00e0 Dieu, nous y sommes parvenus. C&#8217;\u00e9tait une \u00e9tape importante et n\u00e9cessaire.<\/p>\n<p class=\"story-body-text\" data-para-word-count=\"60\">Nous ressentons \u00e0 la fois de la fiert\u00e9 et du bonheur, parce que nous avons r\u00e9ussi \u00e0 apporter de la joie au peuple soudanais. Partout, les supporters suivent le parcours de l&#8217;\u00e9quipe avec passion, malgr\u00e9 la guerre en cours. Le peuple soudanais aime profond\u00e9ment le football, et dans les circonstances actuelles, il est devenu l&#8217;une des rares sources de bonheur.<\/p>\n<p class=\"story-body-text\" data-para-word-count=\"14\">Quelles sont d\u00e9sormais vos ambitions apr\u00e8s avoir franchi une phase de groupes difficile ?<\/p>\n<p class=\"story-body-text\" data-para-word-count=\"44\">Nous abordons ce tournoi \u00e9tape par \u00e9tape. Notre objectif actuel est d&#8217;atteindre le tour suivant, malgr\u00e9 la forte concurrence qui nous attend face au S\u00e9n\u00e9gal. Nous chercherons \u00e0 prouver notre valeur, car nous nous sommes engag\u00e9s \u00e0 tout donner. Le succ\u00e8s vient de Dieu.<\/p>\n<p class=\"story-body-text\" data-para-word-count=\"17\">Comment voyez-vous votre prochain match face au S\u00e9n\u00e9gal et quelle sera la cl\u00e9 de la victoire ?<\/p>\n<p class=\"story-body-text\" data-para-word-count=\"48\">Ce sera un match tr\u00e8s difficile \u00e0 tous les niveaux. Nous connaissons bien notre adversaire. Le S\u00e9n\u00e9gal est une \u00e9quipe solide, exp\u00e9riment\u00e9e, avec une riche histoire dans cette comp\u00e9tition. La cl\u00e9 sera notre d\u00e9termination, notre pers\u00e9v\u00e9rance, notre confiance en nous et notre volont\u00e9 d&#8217;aller loin dans ce tournoi.<\/p>\n<p class=\"story-body-text\" data-para-word-count=\"20\">Quel message souhaitez-vous adresser aux supporters qui vous suivent au Soudan et \u00e0 ceux qui vous soutiennent au Maroc ?<\/p>\n<p class=\"story-body-text\" data-para-word-count=\"36\">Avant tout, nous remercions les supporters pour le soutien moral constant qu&#8217;ils nous apportent. Nous leur en sommes profond\u00e9ment reconnaissants et nous leur promettons de donner encore davantage lors des prochains d\u00e9fis, afin d&#8217;honorer notre pays.<\/p>\n","protected":false},"excerpt":{"rendered":"Le capitaine du Soudan, Mohamed Abdelrahman, affirme que la fiert\u00e9 et le sens des responsabilit\u00e9s portent aujourd&#8217;hui les&hellip;\n","protected":false},"author":2,"featured_media":558,"comment_status":"","ping_status":"","sticky":false,"template":"","format":"standard","meta":{"footnotes":""},"categories":[62],"tags":[63,64,83,265,321,262,165,96,322,261,323,310,264,324,263,266],"class_list":{"0":"post-557","1":"post","2":"type-post","3":"status-publish","4":"format-standard","5":"has-post-thumbnail","7":"category-afrique","8":"tag-africa","9":"tag-afrique","10":"tag-business","11":"tag-current-events","12":"tag-east-africa","13":"tag-economy","14":"tag-morocco","15":"tag-news","16":"tag-north-africa","17":"tag-politics","18":"tag-soccer","19":"tag-sport","20":"tag-sports","21":"tag-sudan","22":"tag-trade","23":"tag-travel"},"share_on_mastodon":{"url":"","error":""},"_links":{"self":[{"href":"https:\/\/www.europesays.com\/africa\/wp-json\/wp\/v2\/posts\/557","targetHints":{"allow":["GET"]}}],"collection":[{"href":"https:\/\/www.europesays.com\/africa\/wp-json\/wp\/v2\/posts"}],"about":[{"href":"https:\/\/www.europesays.com\/africa\/wp-json\/wp\/v2\/types\/post"}],"author":[{"embeddable":true,"href":"https:\/\/www.europesays.com\/africa\/wp-json\/wp\/v2\/users\/2"}],"replies":[{"embeddable":true,"href":"https:\/\/www.europesays.com\/africa\/wp-json\/wp\/v2\/comments?post=557"}],"version-history":[{"count":0,"href":"https:\/\/www.europesays.com\/africa\/wp-json\/wp\/v2\/posts\/557\/revisions"}],"wp:featuredmedia":[{"embeddable":true,"href":"https:\/\/www.europesays.com\/africa\/wp-json\/wp\/v2\/media\/558"}],"wp:attachment":[{"href":"https:\/\/www.europesays.com\/africa\/wp-json\/wp\/v2\/media?parent=557"}],"wp:term":[{"taxonomy":"category","embeddable":true,"href":"https:\/\/www.europesays.com\/africa\/wp-json\/wp\/v2\/categories?post=557"},{"taxonomy":"post_tag","embeddable":true,"href":"https:\/\/www.europesays.com\/africa\/wp-json\/wp\/v2\/tags?post=557"}],"curies":[{"name":"wp","href":"https:\/\/api.w.org\/{rel}","templated":true}]}}